{"id":8097,"date":"2024-02-12T12:09:14","date_gmt":"2024-02-12T18:09:14","guid":{"rendered":"https:\/\/www.bmicos.com\/costarica\/?p=8097"},"modified":"2024-02-12T12:10:18","modified_gmt":"2024-02-12T18:10:18","slug":"bmi-en-la-copa-del-cafe-2024","status":"publish","type":"post","link":"https:\/\/www.bmicos.com\/costarica\/noticias\/bmi-en-la-copa-del-cafe-2024\/","title":{"rendered":"BMI en la Copa del Caf\u00e9 2024"},"content":{"rendered":"\n<p>En BMI iniciamos el 2024 con esp\u00edritu deportivo y mucha emoci\u00f3n, porque fuimos por tercer a\u00f1o consecutivo parte de la Copa del Caf\u00e9, evento que este a\u00f1o cumpli\u00f3 su edici\u00f3n n\u00famero cincuenta y nueve. Durante la semana de competici\u00f3n, que se realiz\u00f3 en el Costa Rica Country Club, pudimos compartir con los asistentes en este evento que re\u00fane al talento juvenil del tenis.<\/p>\n\n\n\n<p>La Copa del Caf\u00e9&nbsp;es un torneo de categor\u00eda J300 (antes conocido como Grado 1) y actualmente cuenta con el respaldo de la Federaci\u00f3n Internacional de Tenis.&nbsp;La nueva insignia solamente lo recibieron 2 eventos J300 en el mundo.<\/p>\n\n\n\n<p>La popularidad y prestigio de la copa que se realiza desde 1965, es catalogado como uno de los torneos de tenis juvenil m\u00e1s prestigiosos del mundo.&nbsp; Por esa raz\u00f3n Luis Esteban Fern\u00e1ndez, director del evento, asegur\u00f3 que este reconocimiento es un premio a la calidad y talento de los j\u00f3venes que participan.<\/p>\n\n\n\n<p><em>\u201cLa Copa del Caf\u00e9 se ha convertido en un torneo muy relevante a trav\u00e9s de los a\u00f1os, por los puntos que da para el ranking mundial. Los jugadores lo catalogan como una de las competencias que m\u00e1s disfrutan por la experiencia que viven, al hacerlos sentir m\u00e1s profesionales, esto porque les damos la oportunidad de jugar frente a gran cantidad de aficionados y firman una cantidad de aut\u00f3grafos en un club de primer nivel y en un clima inigualable\u201d, explic\u00f3 Fern\u00e1ndez.<\/em><\/p>\n\n\n\n<h2 class=\"wp-block-heading\" id=\"h-vos-estuviste-con-bmi-en-la-copa-del-cafe\"><strong>Vos estuviste con BMI en la Copa del Caf\u00e9<\/strong><\/h2>\n\n\n\n<figure class=\"wp-block-image size-full\"><img loading=\"lazy\" decoding=\"async\" width=\"1500\" height=\"999\" src=\"https:\/\/www.bmicos.com\/costarica\/wp-content\/uploads\/sites\/4\/2024\/02\/BMI-presente-en-la-copa-del-cafe-2024-2.jpg\" alt=\"\" class=\"wp-image-8101\" srcset=\"https:\/\/www.bmicos.com\/costarica\/wp-content\/uploads\/sites\/4\/2024\/02\/BMI-presente-en-la-copa-del-cafe-2024-2.jpg 1500w, https:\/\/www.bmicos.com\/costarica\/wp-content\/uploads\/sites\/4\/2024\/02\/BMI-presente-en-la-copa-del-cafe-2024-2-18x12.jpg 18w, https:\/\/www.bmicos.com\/costarica\/wp-content\/uploads\/sites\/4\/2024\/02\/BMI-presente-en-la-copa-del-cafe-2024-2-600x400.jpg 600w\" sizes=\"auto, (max-width: 1500px) 100vw, 1500px\" \/><\/figure>\n\n\n\n<p>Una gran parte de nuestros seguidores en redes sociales compartieron el torneo gracias a la din\u00e1mica que realizamos porque vivieron muy de cerca la emoci\u00f3n del torneo, donde m\u00e1s de 30 jugadores nos encantaron con sus destrezas en este deporte.<\/p>\n\n\n\n<p>La Copa del Caf\u00e9 fue m\u00e1s all\u00e1 en este a\u00f1o, pues el torneo recibi\u00f3 la insignia de Torneos de la ITF, reconocimiento internacional que es dada a los eventos que tienen las mejores evaluaciones de satisfacci\u00f3n de los jugadores, entrenadores y \u00e1rbitros que participan en el ITF World Tennis Tour.<\/p>\n\n\n\n<p>En BMI, nos sentimos realmente honrados de ser patrocinadores de este evento y poder formar lazos estrechos con el deporte y la promoci\u00f3n deportiva del talento juvenil.<\/p>\n\n\n\n<p>Externamos nuestra felicitaci\u00f3n a los organizadores y nos sentimos muy felices que Costa Rica sea premiado por su excelencia en un deporte tan demandante. Adem\u00e1s, agradecemos a nuestros socios comerciales, quienes tambi\u00e9n aprovecharon el momento para acompa\u00f1arnos y vivir de cerca este incre\u00edble evento.<strong><\/strong><\/p>\n","protected":false},"excerpt":{"rendered":"<p>En BMI iniciamos el 2024 con esp\u00edritu deportivo y mucha emoci\u00f3n, porque fuimos por tercer a\u00f1o consecutivo parte de la Copa del Caf\u00e9, evento que este a\u00f1o cumpli\u00f3 su edici\u00f3n n\u00famero cincuenta y nueve. Durante la semana de competici\u00f3n, que se realiz\u00f3 en el Costa Rica Country Club, pudimos compartir con los asistentes en este [&hellip;]<\/p>\n","protected":false},"author":1,"featured_media":8100,"comment_status":"open","ping_status":"closed","sticky":false,"template":"","format":"standard","meta":{"_acf_changed":false,"footnotes":""},"categories":[429],"tags":[],"class_list":["post-8097","post","type-post","status-publish","format-standard","has-post-thumbnail","hentry","category-noticias"],"acf":[],"yoast_head":"<!-- This site is optimized with the Yoast SEO Premium plugin v20.7 (Yoast SEO v27.5) - https:\/\/yoast.com\/product\/yoast-seo-premium-wordpress\/ -->\n<title>BMI en la Copa del Caf\u00e9 2024 - BMI Seguros Costa Rica<\/title>\n<meta name=\"robots\" content=\"index, follow, max-snippet:-1, max-image-preview:large, max-video-preview:-1\" \/>\n<link rel=\"canonical\" href=\"https:\/\/www.bmicos.com\/costarica\/noticias\/bmi-en-la-copa-del-cafe-2024\/\" \/>\n<meta property=\"og:locale\" content=\"es_ES\" \/>\n<meta property=\"og:type\" content=\"article\" \/>\n<meta property=\"og:title\" content=\"BMI en la Copa del Caf\u00e9 2024\" \/>\n<meta property=\"og:description\" content=\"En BMI iniciamos el 2024 con esp\u00edritu deportivo y mucha emoci\u00f3n, porque fuimos por tercer a\u00f1o consecutivo parte de la Copa del Caf\u00e9, evento que este a\u00f1o cumpli\u00f3 su edici\u00f3n n\u00famero cincuenta y nueve. Durante la semana de competici\u00f3n, que se realiz\u00f3 en el Costa Rica Country Club, pudimos compartir con los asistentes en este [&hellip;]\" \/>\n<meta property=\"og:url\" content=\"https:\/\/www.bmicos.com\/costarica\/noticias\/bmi-en-la-copa-del-cafe-2024\/\" \/>\n<meta property=\"og:site_name\" content=\"BMI Seguros Costa Rica\" \/>\n<meta property=\"article:publisher\" content=\"http:\/\/www.facebook.com\/pages\/BMI-Companies-Headquarter\/367590476667415\" \/>\n<meta property=\"article:published_time\" content=\"2024-02-12T18:09:14+00:00\" \/>\n<meta property=\"article:modified_time\" content=\"2024-02-12T18:10:18+00:00\" \/>\n<meta property=\"og:image\" content=\"https:\/\/www.bmicos.com\/costarica\/wp-content\/uploads\/sites\/4\/2024\/02\/BMI-presente-en-la-copa-del-cafe-2024-1.jpg\" \/>\n\t<meta property=\"og:image:width\" content=\"1500\" \/>\n\t<meta property=\"og:image:height\" content=\"999\" \/>\n\t<meta property=\"og:image:type\" content=\"image\/jpeg\" \/>\n<meta name=\"author\" content=\"web\" \/>\n<meta name=\"twitter:card\" content=\"summary_large_image\" \/>\n<meta name=\"twitter:label1\" content=\"Escrito por\" \/>\n\t<meta name=\"twitter:data1\" content=\"web\" \/>\n\t<meta name=\"twitter:label2\" content=\"Tiempo de lectura\" \/>\n\t<meta name=\"twitter:data2\" content=\"3 minutos\" \/>\n<script type=\"application\/ld+json\" class=\"yoast-schema-graph\">{\"@context\":\"https:\\\/\\\/schema.org\",\"@graph\":[{\"@type\":\"Article\",\"@id\":\"https:\\\/\\\/www.bmicos.com\\\/costarica\\\/noticias\\\/bmi-en-la-copa-del-cafe-2024\\\/#article\",\"isPartOf\":{\"@id\":\"https:\\\/\\\/www.bmicos.com\\\/costarica\\\/noticias\\\/bmi-en-la-copa-del-cafe-2024\\\/\"},\"author\":{\"name\":\"web\",\"@id\":\"https:\\\/\\\/www.bmicos.com\\\/costarica\\\/en\\\/#\\\/schema\\\/person\\\/cb0375acd56e63ca2d186eb6e90a03bf\"},\"headline\":\"BMI en la Copa del Caf\u00e9 2024\",\"datePublished\":\"2024-02-12T18:09:14+00:00\",\"dateModified\":\"2024-02-12T18:10:18+00:00\",\"mainEntityOfPage\":{\"@id\":\"https:\\\/\\\/www.bmicos.com\\\/costarica\\\/noticias\\\/bmi-en-la-copa-del-cafe-2024\\\/\"},\"wordCount\":441,\"commentCount\":0,\"publisher\":{\"@id\":\"https:\\\/\\\/www.bmicos.com\\\/costarica\\\/en\\\/#organization\"},\"image\":{\"@id\":\"https:\\\/\\\/www.bmicos.com\\\/costarica\\\/noticias\\\/bmi-en-la-copa-del-cafe-2024\\\/#primaryimage\"},\"thumbnailUrl\":\"https:\\\/\\\/www.bmicos.com\\\/costarica\\\/wp-content\\\/uploads\\\/sites\\\/4\\\/2024\\\/02\\\/BMI-presente-en-la-copa-del-cafe-2024-1.jpg\",\"articleSection\":[\"Noticias\"],\"inLanguage\":\"es\",\"potentialAction\":[{\"@type\":\"CommentAction\",\"name\":\"Comment\",\"target\":[\"https:\\\/\\\/www.bmicos.com\\\/costarica\\\/noticias\\\/bmi-en-la-copa-del-cafe-2024\\\/#respond\"]}]},{\"@type\":\"WebPage\",\"@id\":\"https:\\\/\\\/www.bmicos.com\\\/costarica\\\/noticias\\\/bmi-en-la-copa-del-cafe-2024\\\/\",\"url\":\"https:\\\/\\\/www.bmicos.com\\\/costarica\\\/noticias\\\/bmi-en-la-copa-del-cafe-2024\\\/\",\"name\":\"BMI en la Copa del Caf\u00e9 2024 - BMI Seguros Costa Rica\",\"isPartOf\":{\"@id\":\"https:\\\/\\\/www.bmicos.com\\\/costarica\\\/en\\\/#website\"},\"primaryImageOfPage\":{\"@id\":\"https:\\\/\\\/www.bmicos.com\\\/costarica\\\/noticias\\\/bmi-en-la-copa-del-cafe-2024\\\/#primaryimage\"},\"image\":{\"@id\":\"https:\\\/\\\/www.bmicos.com\\\/costarica\\\/noticias\\\/bmi-en-la-copa-del-cafe-2024\\\/#primaryimage\"},\"thumbnailUrl\":\"https:\\\/\\\/www.bmicos.com\\\/costarica\\\/wp-content\\\/uploads\\\/sites\\\/4\\\/2024\\\/02\\\/BMI-presente-en-la-copa-del-cafe-2024-1.jpg\",\"datePublished\":\"2024-02-12T18:09:14+00:00\",\"dateModified\":\"2024-02-12T18:10:18+00:00\",\"breadcrumb\":{\"@id\":\"https:\\\/\\\/www.bmicos.com\\\/costarica\\\/noticias\\\/bmi-en-la-copa-del-cafe-2024\\\/#breadcrumb\"},\"inLanguage\":\"es\",\"potentialAction\":[{\"@type\":\"ReadAction\",\"target\":[\"https:\\\/\\\/www.bmicos.com\\\/costarica\\\/noticias\\\/bmi-en-la-copa-del-cafe-2024\\\/\"]}]},{\"@type\":\"ImageObject\",\"inLanguage\":\"es\",\"@id\":\"https:\\\/\\\/www.bmicos.com\\\/costarica\\\/noticias\\\/bmi-en-la-copa-del-cafe-2024\\\/#primaryimage\",\"url\":\"https:\\\/\\\/www.bmicos.com\\\/costarica\\\/wp-content\\\/uploads\\\/sites\\\/4\\\/2024\\\/02\\\/BMI-presente-en-la-copa-del-cafe-2024-1.jpg\",\"contentUrl\":\"https:\\\/\\\/www.bmicos.com\\\/costarica\\\/wp-content\\\/uploads\\\/sites\\\/4\\\/2024\\\/02\\\/BMI-presente-en-la-copa-del-cafe-2024-1.jpg\",\"width\":1500,\"height\":999},{\"@type\":\"BreadcrumbList\",\"@id\":\"https:\\\/\\\/www.bmicos.com\\\/costarica\\\/noticias\\\/bmi-en-la-copa-del-cafe-2024\\\/#breadcrumb\",\"itemListElement\":[{\"@type\":\"ListItem\",\"position\":1,\"name\":\"Inicio\",\"item\":\"https:\\\/\\\/www.bmicos.com\\\/costarica\\\/\"},{\"@type\":\"ListItem\",\"position\":2,\"name\":\"BMI en la Copa del Caf\u00e9 2024\"}]},{\"@type\":\"WebSite\",\"@id\":\"https:\\\/\\\/www.bmicos.com\\\/costarica\\\/en\\\/#website\",\"url\":\"https:\\\/\\\/www.bmicos.com\\\/costarica\\\/en\\\/\",\"name\":\"BMI Seguros Costa Rica\",\"description\":\"Asegurando familias en todo el mundo\",\"publisher\":{\"@id\":\"https:\\\/\\\/www.bmicos.com\\\/costarica\\\/en\\\/#organization\"},\"potentialAction\":[{\"@type\":\"SearchAction\",\"target\":{\"@type\":\"EntryPoint\",\"urlTemplate\":\"https:\\\/\\\/www.bmicos.com\\\/costarica\\\/en\\\/?s={search_term_string}\"},\"query-input\":{\"@type\":\"PropertyValueSpecification\",\"valueRequired\":true,\"valueName\":\"search_term_string\"}}],\"inLanguage\":\"es\"},{\"@type\":\"Organization\",\"@id\":\"https:\\\/\\\/www.bmicos.com\\\/costarica\\\/en\\\/#organization\",\"name\":\"BMI Companies\",\"url\":\"https:\\\/\\\/www.bmicos.com\\\/costarica\\\/en\\\/\",\"logo\":{\"@type\":\"ImageObject\",\"inLanguage\":\"es\",\"@id\":\"https:\\\/\\\/www.bmicos.com\\\/costarica\\\/en\\\/#\\\/schema\\\/logo\\\/image\\\/\",\"url\":\"https:\\\/\\\/www.bmicos.com\\\/costarica\\\/wp-content\\\/uploads\\\/sites\\\/4\\\/2020\\\/12\\\/logo-1.png\",\"contentUrl\":\"https:\\\/\\\/www.bmicos.com\\\/costarica\\\/wp-content\\\/uploads\\\/sites\\\/4\\\/2020\\\/12\\\/logo-1.png\",\"width\":519,\"height\":273,\"caption\":\"BMI Companies\"},\"image\":{\"@id\":\"https:\\\/\\\/www.bmicos.com\\\/costarica\\\/en\\\/#\\\/schema\\\/logo\\\/image\\\/\"},\"sameAs\":[\"http:\\\/\\\/www.facebook.com\\\/pages\\\/BMI-Companies-Headquarter\\\/367590476667415\",\"https:\\\/\\\/www.instagram.com\\\/bmicompanies\\\/\",\"https:\\\/\\\/www.linkedin.com\\\/company\\\/bmi-companies?trk=top_nav_home\",\"https:\\\/\\\/www.youtube.com\\\/user\\\/BMICompaniesGlobal\\\/videos\"]},{\"@type\":\"Person\",\"@id\":\"https:\\\/\\\/www.bmicos.com\\\/costarica\\\/en\\\/#\\\/schema\\\/person\\\/cb0375acd56e63ca2d186eb6e90a03bf\",\"name\":\"web\",\"image\":{\"@type\":\"ImageObject\",\"inLanguage\":\"es\",\"@id\":\"https:\\\/\\\/secure.gravatar.com\\\/avatar\\\/aa6395adbd28f6305d4963b3cf4f0efb13e667f8737df57a460e4108e926a10d?s=96&d=mm&r=g\",\"url\":\"https:\\\/\\\/secure.gravatar.com\\\/avatar\\\/aa6395adbd28f6305d4963b3cf4f0efb13e667f8737df57a460e4108e926a10d?s=96&d=mm&r=g\",\"contentUrl\":\"https:\\\/\\\/secure.gravatar.com\\\/avatar\\\/aa6395adbd28f6305d4963b3cf4f0efb13e667f8737df57a460e4108e926a10d?s=96&d=mm&r=g\",\"caption\":\"web\"}}]}<\/script>\n<!-- \/ Yoast SEO Premium plugin. -->","yoast_head_json":{"title":"BMI en la Copa del Caf\u00e9 2024 - BMI Seguros Costa Rica","robots":{"index":"index","follow":"follow","max-snippet":"max-snippet:-1","max-image-preview":"max-image-preview:large","max-video-preview":"max-video-preview:-1"},"canonical":"https:\/\/www.bmicos.com\/costarica\/noticias\/bmi-en-la-copa-del-cafe-2024\/","og_locale":"es_ES","og_type":"article","og_title":"BMI en la Copa del Caf\u00e9 2024","og_description":"En BMI iniciamos el 2024 con esp\u00edritu deportivo y mucha emoci\u00f3n, porque fuimos por tercer a\u00f1o consecutivo parte de la Copa del Caf\u00e9, evento que este a\u00f1o cumpli\u00f3 su edici\u00f3n n\u00famero cincuenta y nueve. Durante la semana de competici\u00f3n, que se realiz\u00f3 en el Costa Rica Country Club, pudimos compartir con los asistentes en este [&hellip;]","og_url":"https:\/\/www.bmicos.com\/costarica\/noticias\/bmi-en-la-copa-del-cafe-2024\/","og_site_name":"BMI Seguros Costa Rica","article_publisher":"http:\/\/www.facebook.com\/pages\/BMI-Companies-Headquarter\/367590476667415","article_published_time":"2024-02-12T18:09:14+00:00","article_modified_time":"2024-02-12T18:10:18+00:00","og_image":[{"width":1500,"height":999,"url":"https:\/\/www.bmicos.com\/costarica\/wp-content\/uploads\/sites\/4\/2024\/02\/BMI-presente-en-la-copa-del-cafe-2024-1.jpg","type":"image\/jpeg"}],"author":"web","twitter_card":"summary_large_image","twitter_misc":{"Escrito por":"web","Tiempo de lectura":"3 minutos"},"schema":{"@context":"https:\/\/schema.org","@graph":[{"@type":"Article","@id":"https:\/\/www.bmicos.com\/costarica\/noticias\/bmi-en-la-copa-del-cafe-2024\/#article","isPartOf":{"@id":"https:\/\/www.bmicos.com\/costarica\/noticias\/bmi-en-la-copa-del-cafe-2024\/"},"author":{"name":"web","@id":"https:\/\/www.bmicos.com\/costarica\/en\/#\/schema\/person\/cb0375acd56e63ca2d186eb6e90a03bf"},"headline":"BMI en la Copa del Caf\u00e9 2024","datePublished":"2024-02-12T18:09:14+00:00","dateModified":"2024-02-12T18:10:18+00:00","mainEntityOfPage":{"@id":"https:\/\/www.bmicos.com\/costarica\/noticias\/bmi-en-la-copa-del-cafe-2024\/"},"wordCount":441,"commentCount":0,"publisher":{"@id":"https:\/\/www.bmicos.com\/costarica\/en\/#organization"},"image":{"@id":"https:\/\/www.bmicos.com\/costarica\/noticias\/bmi-en-la-copa-del-cafe-2024\/#primaryimage"},"thumbnailUrl":"https:\/\/www.bmicos.com\/costarica\/wp-content\/uploads\/sites\/4\/2024\/02\/BMI-presente-en-la-copa-del-cafe-2024-1.jpg","articleSection":["Noticias"],"inLanguage":"es","potentialAction":[{"@type":"CommentAction","name":"Comment","target":["https:\/\/www.bmicos.com\/costarica\/noticias\/bmi-en-la-copa-del-cafe-2024\/#respond"]}]},{"@type":"WebPage","@id":"https:\/\/www.bmicos.com\/costarica\/noticias\/bmi-en-la-copa-del-cafe-2024\/","url":"https:\/\/www.bmicos.com\/costarica\/noticias\/bmi-en-la-copa-del-cafe-2024\/","name":"BMI en la Copa del Caf\u00e9 2024 - BMI Seguros Costa Rica","isPartOf":{"@id":"https:\/\/www.bmicos.com\/costarica\/en\/#website"},"primaryImageOfPage":{"@id":"https:\/\/www.bmicos.com\/costarica\/noticias\/bmi-en-la-copa-del-cafe-2024\/#primaryimage"},"image":{"@id":"https:\/\/www.bmicos.com\/costarica\/noticias\/bmi-en-la-copa-del-cafe-2024\/#primaryimage"},"thumbnailUrl":"https:\/\/www.bmicos.com\/costarica\/wp-content\/uploads\/sites\/4\/2024\/02\/BMI-presente-en-la-copa-del-cafe-2024-1.jpg","datePublished":"2024-02-12T18:09:14+00:00","dateModified":"2024-02-12T18:10:18+00:00","breadcrumb":{"@id":"https:\/\/www.bmicos.com\/costarica\/noticias\/bmi-en-la-copa-del-cafe-2024\/#breadcrumb"},"inLanguage":"es","potentialAction":[{"@type":"ReadAction","target":["https:\/\/www.bmicos.com\/costarica\/noticias\/bmi-en-la-copa-del-cafe-2024\/"]}]},{"@type":"ImageObject","inLanguage":"es","@id":"https:\/\/www.bmicos.com\/costarica\/noticias\/bmi-en-la-copa-del-cafe-2024\/#primaryimage","url":"https:\/\/www.bmicos.com\/costarica\/wp-content\/uploads\/sites\/4\/2024\/02\/BMI-presente-en-la-copa-del-cafe-2024-1.jpg","contentUrl":"https:\/\/www.bmicos.com\/costarica\/wp-content\/uploads\/sites\/4\/2024\/02\/BMI-presente-en-la-copa-del-cafe-2024-1.jpg","width":1500,"height":999},{"@type":"BreadcrumbList","@id":"https:\/\/www.bmicos.com\/costarica\/noticias\/bmi-en-la-copa-del-cafe-2024\/#breadcrumb","itemListElement":[{"@type":"ListItem","position":1,"name":"Inicio","item":"https:\/\/www.bmicos.com\/costarica\/"},{"@type":"ListItem","position":2,"name":"BMI en la Copa del Caf\u00e9 2024"}]},{"@type":"WebSite","@id":"https:\/\/www.bmicos.com\/costarica\/en\/#website","url":"https:\/\/www.bmicos.com\/costarica\/en\/","name":"BMI Seguros Costa Rica","description":"Asegurando familias en todo el mundo","publisher":{"@id":"https:\/\/www.bmicos.com\/costarica\/en\/#organization"},"potentialAction":[{"@type":"SearchAction","target":{"@type":"EntryPoint","urlTemplate":"https:\/\/www.bmicos.com\/costarica\/en\/?s={search_term_string}"},"query-input":{"@type":"PropertyValueSpecification","valueRequired":true,"valueName":"search_term_string"}}],"inLanguage":"es"},{"@type":"Organization","@id":"https:\/\/www.bmicos.com\/costarica\/en\/#organization","name":"BMI Companies","url":"https:\/\/www.bmicos.com\/costarica\/en\/","logo":{"@type":"ImageObject","inLanguage":"es","@id":"https:\/\/www.bmicos.com\/costarica\/en\/#\/schema\/logo\/image\/","url":"https:\/\/www.bmicos.com\/costarica\/wp-content\/uploads\/sites\/4\/2020\/12\/logo-1.png","contentUrl":"https:\/\/www.bmicos.com\/costarica\/wp-content\/uploads\/sites\/4\/2020\/12\/logo-1.png","width":519,"height":273,"caption":"BMI Companies"},"image":{"@id":"https:\/\/www.bmicos.com\/costarica\/en\/#\/schema\/logo\/image\/"},"sameAs":["http:\/\/www.facebook.com\/pages\/BMI-Companies-Headquarter\/367590476667415","https:\/\/www.instagram.com\/bmicompanies\/","https:\/\/www.linkedin.com\/company\/bmi-companies?trk=top_nav_home","https:\/\/www.youtube.com\/user\/BMICompaniesGlobal\/videos"]},{"@type":"Person","@id":"https:\/\/www.bmicos.com\/costarica\/en\/#\/schema\/person\/cb0375acd56e63ca2d186eb6e90a03bf","name":"web","image":{"@type":"ImageObject","inLanguage":"es","@id":"https:\/\/secure.gravatar.com\/avatar\/aa6395adbd28f6305d4963b3cf4f0efb13e667f8737df57a460e4108e926a10d?s=96&d=mm&r=g","url":"https:\/\/secure.gravatar.com\/avatar\/aa6395adbd28f6305d4963b3cf4f0efb13e667f8737df57a460e4108e926a10d?s=96&d=mm&r=g","contentUrl":"https:\/\/secure.gravatar.com\/avatar\/aa6395adbd28f6305d4963b3cf4f0efb13e667f8737df57a460e4108e926a10d?s=96&d=mm&r=g","caption":"web"}}]}},"_links":{"self":[{"href":"https:\/\/www.bmicos.com\/costarica\/wp-json\/wp\/v2\/posts\/8097","targetHints":{"allow":["GET"]}}],"collection":[{"href":"https:\/\/www.bmicos.com\/costarica\/wp-json\/wp\/v2\/posts"}],"about":[{"href":"https:\/\/www.bmicos.com\/costarica\/wp-json\/wp\/v2\/types\/post"}],"author":[{"embeddable":true,"href":"https:\/\/www.bmicos.com\/costarica\/wp-json\/wp\/v2\/users\/1"}],"replies":[{"embeddable":true,"href":"https:\/\/www.bmicos.com\/costarica\/wp-json\/wp\/v2\/comments?post=8097"}],"version-history":[{"count":0,"href":"https:\/\/www.bmicos.com\/costarica\/wp-json\/wp\/v2\/posts\/8097\/revisions"}],"wp:featuredmedia":[{"embeddable":true,"href":"https:\/\/www.bmicos.com\/costarica\/wp-json\/wp\/v2\/media\/8100"}],"wp:attachment":[{"href":"https:\/\/www.bmicos.com\/costarica\/wp-json\/wp\/v2\/media?parent=8097"}],"wp:term":[{"taxonomy":"category","embeddable":true,"href":"https:\/\/www.bmicos.com\/costarica\/wp-json\/wp\/v2\/categories?post=8097"},{"taxonomy":"post_tag","embeddable":true,"href":"https:\/\/www.bmicos.com\/costarica\/wp-json\/wp\/v2\/tags?post=8097"}],"curies":[{"name":"wp","href":"https:\/\/api.w.org\/{rel}","templated":true}]}}