{"id":5093,"date":"2024-02-16T12:17:55","date_gmt":"2024-02-16T16:17:55","guid":{"rendered":"https:\/\/www.bmicos.com\/dominicana\/?p=5093"},"modified":"2024-02-21T18:24:27","modified_gmt":"2024-02-21T22:24:27","slug":"bmi-se-una-vez-mas-a-la-segunda-jornada-de-donacion-de-sangre-para-las-ninas-y-ninos-con-cancer","status":"publish","type":"post","link":"https:\/\/www.bmicos.com\/dominicana\/noticias\/bmi-se-una-vez-mas-a-la-segunda-jornada-de-donacion-de-sangre-para-las-ninas-y-ninos-con-cancer\/","title":{"rendered":"BMI se une a la segunda jornada de donaci\u00f3n de sangre para ni\u00f1as y ni\u00f1os con c\u00e1ncer"},"content":{"rendered":"\n<p>En BMI por segundo a\u00f1o consecutivo nos unimos a la fundaci\u00f3n FACCI (Fundaci\u00f3n Amigos contra el C\u00e1ncer Infantil) y Acr\u00f3polis Business Mall para respaldar la segunda jornada de donaci\u00f3n de sangre en beneficio de las ni\u00f1as y ni\u00f1os dominicanos que padecen esta enfermedad y son parte de la fundaci\u00f3n.<\/p>\n\n\n\n<p>La jornada se llev\u00f3 a cabo el 8 de febrero. En esta ocasi\u00f3n nos propusimos volver a llenar de luz y esperanza la vida de estos peque\u00f1os que generalmente son atendidos en el Hospital Infantil Dr. Robert Re\u00edd Cabral (HIRRC) y otros centros de salud de la ciudad.<\/p>\n\n\n\n<p>El objetivo de la jornada se logr\u00f3 superando la meta establecida ya que se pudo obtener <strong>tres veces el m\u00ednimo de pintas de sangre requeridas por la fundaci\u00f3n<\/strong>. Este resultado nos llena de felicidad y satisfacci\u00f3n porque lo que se hace con amor, es un triunfo asegurado.<\/p>\n\n\n\n<p>Este tipo de jornadas siempre son necesarias para contrarrestar la enfermedad porque adem\u00e1s de cada pinta de sangre, se pueden utilizar ciertos derivados como plaquetas y plasma y dirigirlos a tres receptores distintos.<\/p>\n\n\n\n<p>Adem\u00e1s se obtienen m\u00faltiples beneficios, por cada donaci\u00f3n puedes salvar tres vidas, tu salud cardiovascular mejorar\u00e1 porque se estimula la circulaci\u00f3n sangu\u00ednea, se reducir\u00e1 el exceso de hierro en el organismo y reducir\u00e1s el riesgo de sufrir accidentes cerebrovasculares.<\/p>\n\n\n\n<p>La fundaci\u00f3n FACCI se constituy\u00f3 en el a\u00f1o 2003 en la ciudad de Santo Domingo, Rep\u00fablica Dominicana por un grupo de amigos voluntarios que estaban comprometidos en desarrollar actividades para tratar de garantizar los tratamientos m\u00e9dicos oncol\u00f3gicos de ni\u00f1as, ni\u00f1os y adolescentes con c\u00e1ncer y as\u00ed mejorar su calidad de vida.<\/p>\n\n\n\n<p>Por su parte, Acr\u00f3polis Business Mall es un espacio de creaci\u00f3n en el que convergen la vida laboral y personal y donde <strong>BMI Rep\u00fablica Dominicana<\/strong> tiene su sede. Por esa raz\u00f3n, fue el lugar perfecto para realizar esta segunda jornada de donaci\u00f3n de sangre.<\/p>\n\n\n\n<p>En BMI estamos agradecidos con el equipo de FACCI y Acr\u00f3polis Business Mall, pero tambi\u00e9n con todos y cada uno de los asistentes a esta jornada, que no solo donaron sangre, sino tiempo y esperanza de vida a todas estas ni\u00f1as y ni\u00f1os que hoy necesitan de nuestra ayuda.<\/p>\n\n\n\n<figure class=\"wp-block-gallery has-nested-images columns-default is-cropped wp-block-gallery-1 is-layout-flex wp-block-gallery-is-layout-flex\">\n<figure class=\"wp-block-image size-large\"><img loading=\"lazy\" decoding=\"async\" width=\"960\" height=\"1024\" data-id=\"5108\" src=\"https:\/\/www.bmicos.com\/dominicana\/wp-content\/uploads\/sites\/7\/2024\/02\/WhatsApp-Image-2024-02-13-at-2.26.22-PM-1-960x1024.jpeg\" alt=\"\" class=\"wp-image-5108\"\/><\/figure>\n\n\n\n<figure class=\"wp-block-image size-large\"><img loading=\"lazy\" decoding=\"async\" width=\"960\" height=\"1024\" data-id=\"5109\" src=\"https:\/\/www.bmicos.com\/dominicana\/wp-content\/uploads\/sites\/7\/2024\/02\/WhatsApp-Image-2024-02-13-at-2.26.22-PM-2-960x1024.jpeg\" alt=\"\" class=\"wp-image-5109\"\/><\/figure>\n\n\n\n<figure class=\"wp-block-image size-large\"><img loading=\"lazy\" decoding=\"async\" width=\"960\" height=\"1024\" data-id=\"5099\" src=\"https:\/\/www.bmicos.com\/dominicana\/wp-content\/uploads\/sites\/7\/2024\/02\/WhatsApp-Image-2024-02-13-at-2.26.22-PM-3-960x1024.jpeg\" alt=\"\" class=\"wp-image-5099\"\/><\/figure>\n\n\n\n<figure class=\"wp-block-image size-large\"><img loading=\"lazy\" decoding=\"async\" width=\"720\" height=\"1024\" data-id=\"5107\" src=\"https:\/\/www.bmicos.com\/dominicana\/wp-content\/uploads\/sites\/7\/2024\/02\/WhatsApp-Image-2024-02-13-at-2.26.22-PM-4-720x1024.jpeg\" alt=\"\" class=\"wp-image-5107\"\/><\/figure>\n\n\n\n<figure class=\"wp-block-image size-large\"><img loading=\"lazy\" decoding=\"async\" width=\"960\" height=\"1024\" data-id=\"5110\" src=\"https:\/\/www.bmicos.com\/dominicana\/wp-content\/uploads\/sites\/7\/2024\/02\/WhatsApp-Image-2024-02-13-at-2.26.22-PM-5-960x1024.jpeg\" alt=\"\" class=\"wp-image-5110\"\/><\/figure>\n\n\n\n<figure class=\"wp-block-image size-large\"><img loading=\"lazy\" decoding=\"async\" width=\"720\" height=\"1024\" data-id=\"5100\" src=\"https:\/\/www.bmicos.com\/dominicana\/wp-content\/uploads\/sites\/7\/2024\/02\/WhatsApp-Image-2024-02-13-at-2.26.22-PM-6-720x1024.jpeg\" alt=\"\" class=\"wp-image-5100\"\/><\/figure>\n\n\n\n<figure class=\"wp-block-image size-large\"><img loading=\"lazy\" decoding=\"async\" width=\"720\" height=\"1024\" data-id=\"5097\" src=\"https:\/\/www.bmicos.com\/dominicana\/wp-content\/uploads\/sites\/7\/2024\/02\/WhatsApp-Image-2024-02-13-at-2.26.22-PM-7-720x1024.jpeg\" alt=\"\" class=\"wp-image-5097\"\/><\/figure>\n\n\n\n<figure class=\"wp-block-image size-large\"><img loading=\"lazy\" decoding=\"async\" width=\"720\" height=\"1024\" data-id=\"5101\" src=\"https:\/\/www.bmicos.com\/dominicana\/wp-content\/uploads\/sites\/7\/2024\/02\/WhatsApp-Image-2024-02-13-at-2.26.22-PM-8-720x1024.jpeg\" alt=\"\" class=\"wp-image-5101\"\/><\/figure>\n\n\n\n<figure class=\"wp-block-image size-large\"><img loading=\"lazy\" decoding=\"async\" width=\"720\" height=\"1024\" data-id=\"5105\" src=\"https:\/\/www.bmicos.com\/dominicana\/wp-content\/uploads\/sites\/7\/2024\/02\/WhatsApp-Image-2024-02-13-at-2.26.22-PM-9-720x1024.jpeg\" alt=\"\" class=\"wp-image-5105\"\/><\/figure>\n\n\n\n<figure class=\"wp-block-image size-large\"><img loading=\"lazy\" decoding=\"async\" width=\"726\" height=\"1024\" data-id=\"5102\" src=\"https:\/\/www.bmicos.com\/dominicana\/wp-content\/uploads\/sites\/7\/2024\/02\/WhatsApp-Image-2024-02-13-at-2.26.22-PM-10-726x1024.jpeg\" alt=\"\" class=\"wp-image-5102\"\/><\/figure>\n\n\n\n<figure class=\"wp-block-image size-large\"><img loading=\"lazy\" decoding=\"async\" width=\"720\" height=\"1024\" data-id=\"5098\" src=\"https:\/\/www.bmicos.com\/dominicana\/wp-content\/uploads\/sites\/7\/2024\/02\/WhatsApp-Image-2024-02-13-at-2.26.22-PM-11-720x1024.jpeg\" alt=\"\" class=\"wp-image-5098\"\/><\/figure>\n\n\n\n<figure class=\"wp-block-image size-large\"><img loading=\"lazy\" decoding=\"async\" width=\"720\" height=\"1024\" data-id=\"5106\" src=\"https:\/\/www.bmicos.com\/dominicana\/wp-content\/uploads\/sites\/7\/2024\/02\/WhatsApp-Image-2024-02-13-at-2.26.22-PM-720x1024.jpeg\" alt=\"\" class=\"wp-image-5106\"\/><\/figure>\n\n\n\n<figure class=\"wp-block-image size-large\"><img loading=\"lazy\" decoding=\"async\" width=\"720\" height=\"1024\" data-id=\"5104\" src=\"https:\/\/www.bmicos.com\/dominicana\/wp-content\/uploads\/sites\/7\/2024\/02\/WhatsApp-Image-2024-02-13-at-3.21.04-PM-1-720x1024.jpeg\" alt=\"\" class=\"wp-image-5104\"\/><\/figure>\n\n\n\n<figure class=\"wp-block-image size-large\"><img loading=\"lazy\" decoding=\"async\" width=\"720\" height=\"1024\" data-id=\"5103\" src=\"https:\/\/www.bmicos.com\/dominicana\/wp-content\/uploads\/sites\/7\/2024\/02\/WhatsApp-Image-2024-02-13-at-3.21.04-PM-720x1024.jpeg\" alt=\"\" class=\"wp-image-5103\"\/><\/figure>\n<\/figure>\n","protected":false},"excerpt":{"rendered":"<p>En BMI por segundo a\u00f1o consecutivo nos unimos a la fundaci\u00f3n FACCI (Fundaci\u00f3n Amigos contra el C\u00e1ncer Infantil) y Acr\u00f3polis Business Mall para respaldar la segunda jornada de donaci\u00f3n de sangre en beneficio de las ni\u00f1as y ni\u00f1os dominicanos que padecen esta enfermedad y son parte de la fundaci\u00f3n. La jornada se llev\u00f3 a cabo [&hellip;]<\/p>\n","protected":false},"author":1,"featured_media":5095,"comment_status":"open","ping_status":"closed","sticky":false,"template":"","format":"standard","meta":{"_acf_changed":false,"footnotes":""},"categories":[429],"tags":[],"class_list":["post-5093","post","type-post","status-publish","format-standard","has-post-thumbnail","hentry","category-noticias"],"acf":[],"yoast_head":"<!-- This site is optimized with the Yoast SEO Premium plugin v20.7 (Yoast SEO v27.4) - https:\/\/yoast.com\/product\/yoast-seo-premium-wordpress\/ -->\n<title>BMI se une a la segunda jornada de donaci\u00f3n de sangre para ni\u00f1as y ni\u00f1os con c\u00e1ncer - BMI Rep\u00fablica Dominicana<\/title>\n<meta name=\"robots\" content=\"index, follow, max-snippet:-1, max-image-preview:large, max-video-preview:-1\" \/>\n<link rel=\"canonical\" href=\"https:\/\/www.bmicos.com\/dominicana\/noticias\/bmi-se-una-vez-mas-a-la-segunda-jornada-de-donacion-de-sangre-para-las-ninas-y-ninos-con-cancer\/\" \/>\n<meta property=\"og:locale\" content=\"es_ES\" \/>\n<meta property=\"og:type\" content=\"article\" \/>\n<meta property=\"og:title\" content=\"BMI se une a la segunda jornada de donaci\u00f3n de sangre para ni\u00f1as y ni\u00f1os con c\u00e1ncer\" \/>\n<meta property=\"og:description\" content=\"En BMI por segundo a\u00f1o consecutivo nos unimos a la fundaci\u00f3n FACCI (Fundaci\u00f3n Amigos contra el C\u00e1ncer Infantil) y Acr\u00f3polis Business Mall para respaldar la segunda jornada de donaci\u00f3n de sangre en beneficio de las ni\u00f1as y ni\u00f1os dominicanos que padecen esta enfermedad y son parte de la fundaci\u00f3n. La jornada se llev\u00f3 a cabo [&hellip;]\" \/>\n<meta property=\"og:url\" content=\"https:\/\/www.bmicos.com\/dominicana\/noticias\/bmi-se-una-vez-mas-a-la-segunda-jornada-de-donacion-de-sangre-para-las-ninas-y-ninos-con-cancer\/\" \/>\n<meta property=\"og:site_name\" content=\"BMI Rep\u00fablica Dominicana\" \/>\n<meta property=\"article:publisher\" content=\"https:\/\/www.facebook.com\/BMIRD\/\" \/>\n<meta property=\"article:published_time\" content=\"2024-02-16T16:17:55+00:00\" \/>\n<meta property=\"article:modified_time\" content=\"2024-02-21T22:24:27+00:00\" \/>\n<meta property=\"og:image\" content=\"https:\/\/www.bmicos.com\/dominicana\/wp-content\/uploads\/sites\/7\/2024\/02\/WhatsApp-Image-2024-02-13-at-3.21.04-PM-2.jpeg\" \/>\n\t<meta property=\"og:image:width\" content=\"1600\" \/>\n\t<meta property=\"og:image:height\" content=\"720\" \/>\n\t<meta property=\"og:image:type\" content=\"image\/jpeg\" \/>\n<meta name=\"author\" content=\"web\" \/>\n<meta name=\"twitter:card\" content=\"summary_large_image\" \/>\n<meta name=\"twitter:label1\" content=\"Escrito por\" \/>\n\t<meta name=\"twitter:data1\" content=\"web\" \/>\n\t<meta name=\"twitter:label2\" content=\"Tiempo de lectura\" \/>\n\t<meta name=\"twitter:data2\" content=\"5 minutos\" \/>\n<script type=\"application\/ld+json\" class=\"yoast-schema-graph\">{\"@context\":\"https:\\\/\\\/schema.org\",\"@graph\":[{\"@type\":\"Article\",\"@id\":\"https:\\\/\\\/www.bmicos.com\\\/dominicana\\\/noticias\\\/bmi-se-una-vez-mas-a-la-segunda-jornada-de-donacion-de-sangre-para-las-ninas-y-ninos-con-cancer\\\/#article\",\"isPartOf\":{\"@id\":\"https:\\\/\\\/www.bmicos.com\\\/dominicana\\\/noticias\\\/bmi-se-una-vez-mas-a-la-segunda-jornada-de-donacion-de-sangre-para-las-ninas-y-ninos-con-cancer\\\/\"},\"author\":{\"name\":\"web\",\"@id\":\"https:\\\/\\\/www.bmicos.com\\\/dominicana\\\/#\\\/schema\\\/person\\\/cb0375acd56e63ca2d186eb6e90a03bf\"},\"headline\":\"BMI se une a la segunda jornada de donaci\u00f3n de sangre para ni\u00f1as y ni\u00f1os con c\u00e1ncer\",\"datePublished\":\"2024-02-16T16:17:55+00:00\",\"dateModified\":\"2024-02-21T22:24:27+00:00\",\"mainEntityOfPage\":{\"@id\":\"https:\\\/\\\/www.bmicos.com\\\/dominicana\\\/noticias\\\/bmi-se-una-vez-mas-a-la-segunda-jornada-de-donacion-de-sangre-para-las-ninas-y-ninos-con-cancer\\\/\"},\"wordCount\":418,\"commentCount\":0,\"publisher\":{\"@id\":\"https:\\\/\\\/www.bmicos.com\\\/dominicana\\\/#organization\"},\"image\":{\"@id\":\"https:\\\/\\\/www.bmicos.com\\\/dominicana\\\/noticias\\\/bmi-se-una-vez-mas-a-la-segunda-jornada-de-donacion-de-sangre-para-las-ninas-y-ninos-con-cancer\\\/#primaryimage\"},\"thumbnailUrl\":\"https:\\\/\\\/www.bmicos.com\\\/dominicana\\\/wp-content\\\/uploads\\\/sites\\\/7\\\/2024\\\/02\\\/WhatsApp-Image-2024-02-13-at-3.21.04-PM-2.jpeg\",\"articleSection\":[\"Noticias\"],\"inLanguage\":\"es\",\"potentialAction\":[{\"@type\":\"CommentAction\",\"name\":\"Comment\",\"target\":[\"https:\\\/\\\/www.bmicos.com\\\/dominicana\\\/noticias\\\/bmi-se-una-vez-mas-a-la-segunda-jornada-de-donacion-de-sangre-para-las-ninas-y-ninos-con-cancer\\\/#respond\"]}]},{\"@type\":\"WebPage\",\"@id\":\"https:\\\/\\\/www.bmicos.com\\\/dominicana\\\/noticias\\\/bmi-se-una-vez-mas-a-la-segunda-jornada-de-donacion-de-sangre-para-las-ninas-y-ninos-con-cancer\\\/\",\"url\":\"https:\\\/\\\/www.bmicos.com\\\/dominicana\\\/noticias\\\/bmi-se-una-vez-mas-a-la-segunda-jornada-de-donacion-de-sangre-para-las-ninas-y-ninos-con-cancer\\\/\",\"name\":\"BMI se une a la segunda jornada de donaci\u00f3n de sangre para ni\u00f1as y ni\u00f1os con c\u00e1ncer - BMI Rep\u00fablica Dominicana\",\"isPartOf\":{\"@id\":\"https:\\\/\\\/www.bmicos.com\\\/dominicana\\\/#website\"},\"primaryImageOfPage\":{\"@id\":\"https:\\\/\\\/www.bmicos.com\\\/dominicana\\\/noticias\\\/bmi-se-una-vez-mas-a-la-segunda-jornada-de-donacion-de-sangre-para-las-ninas-y-ninos-con-cancer\\\/#primaryimage\"},\"image\":{\"@id\":\"https:\\\/\\\/www.bmicos.com\\\/dominicana\\\/noticias\\\/bmi-se-una-vez-mas-a-la-segunda-jornada-de-donacion-de-sangre-para-las-ninas-y-ninos-con-cancer\\\/#primaryimage\"},\"thumbnailUrl\":\"https:\\\/\\\/www.bmicos.com\\\/dominicana\\\/wp-content\\\/uploads\\\/sites\\\/7\\\/2024\\\/02\\\/WhatsApp-Image-2024-02-13-at-3.21.04-PM-2.jpeg\",\"datePublished\":\"2024-02-16T16:17:55+00:00\",\"dateModified\":\"2024-02-21T22:24:27+00:00\",\"breadcrumb\":{\"@id\":\"https:\\\/\\\/www.bmicos.com\\\/dominicana\\\/noticias\\\/bmi-se-una-vez-mas-a-la-segunda-jornada-de-donacion-de-sangre-para-las-ninas-y-ninos-con-cancer\\\/#breadcrumb\"},\"inLanguage\":\"es\",\"potentialAction\":[{\"@type\":\"ReadAction\",\"target\":[\"https:\\\/\\\/www.bmicos.com\\\/dominicana\\\/noticias\\\/bmi-se-una-vez-mas-a-la-segunda-jornada-de-donacion-de-sangre-para-las-ninas-y-ninos-con-cancer\\\/\"]}]},{\"@type\":\"ImageObject\",\"inLanguage\":\"es\",\"@id\":\"https:\\\/\\\/www.bmicos.com\\\/dominicana\\\/noticias\\\/bmi-se-una-vez-mas-a-la-segunda-jornada-de-donacion-de-sangre-para-las-ninas-y-ninos-con-cancer\\\/#primaryimage\",\"url\":\"https:\\\/\\\/www.bmicos.com\\\/dominicana\\\/wp-content\\\/uploads\\\/sites\\\/7\\\/2024\\\/02\\\/WhatsApp-Image-2024-02-13-at-3.21.04-PM-2.jpeg\",\"contentUrl\":\"https:\\\/\\\/www.bmicos.com\\\/dominicana\\\/wp-content\\\/uploads\\\/sites\\\/7\\\/2024\\\/02\\\/WhatsApp-Image-2024-02-13-at-3.21.04-PM-2.jpeg\",\"width\":1600,\"height\":720},{\"@type\":\"BreadcrumbList\",\"@id\":\"https:\\\/\\\/www.bmicos.com\\\/dominicana\\\/noticias\\\/bmi-se-una-vez-mas-a-la-segunda-jornada-de-donacion-de-sangre-para-las-ninas-y-ninos-con-cancer\\\/#breadcrumb\",\"itemListElement\":[{\"@type\":\"ListItem\",\"position\":1,\"name\":\"Inicio\",\"item\":\"https:\\\/\\\/www.bmicos.com\\\/dominicana\\\/\"},{\"@type\":\"ListItem\",\"position\":2,\"name\":\"BMI se une a la segunda jornada de donaci\u00f3n de sangre para ni\u00f1as y ni\u00f1os con c\u00e1ncer\"}]},{\"@type\":\"WebSite\",\"@id\":\"https:\\\/\\\/www.bmicos.com\\\/dominicana\\\/#website\",\"url\":\"https:\\\/\\\/www.bmicos.com\\\/dominicana\\\/\",\"name\":\"BMI Rep\u00fablica Dominicana\",\"description\":\"Asegurando familias en todo el mundo\",\"publisher\":{\"@id\":\"https:\\\/\\\/www.bmicos.com\\\/dominicana\\\/#organization\"},\"potentialAction\":[{\"@type\":\"SearchAction\",\"target\":{\"@type\":\"EntryPoint\",\"urlTemplate\":\"https:\\\/\\\/www.bmicos.com\\\/dominicana\\\/?s={search_term_string}\"},\"query-input\":{\"@type\":\"PropertyValueSpecification\",\"valueRequired\":true,\"valueName\":\"search_term_string\"}}],\"inLanguage\":\"es\"},{\"@type\":\"Organization\",\"@id\":\"https:\\\/\\\/www.bmicos.com\\\/dominicana\\\/#organization\",\"name\":\"BMI Companies\",\"url\":\"https:\\\/\\\/www.bmicos.com\\\/dominicana\\\/\",\"logo\":{\"@type\":\"ImageObject\",\"inLanguage\":\"es\",\"@id\":\"https:\\\/\\\/www.bmicos.com\\\/dominicana\\\/#\\\/schema\\\/logo\\\/image\\\/\",\"url\":\"https:\\\/\\\/www.bmicos.com\\\/dominicana\\\/wp-content\\\/uploads\\\/sites\\\/7\\\/2020\\\/12\\\/logo-1.png\",\"contentUrl\":\"https:\\\/\\\/www.bmicos.com\\\/dominicana\\\/wp-content\\\/uploads\\\/sites\\\/7\\\/2020\\\/12\\\/logo-1.png\",\"width\":519,\"height\":273,\"caption\":\"BMI Companies\"},\"image\":{\"@id\":\"https:\\\/\\\/www.bmicos.com\\\/dominicana\\\/#\\\/schema\\\/logo\\\/image\\\/\"},\"sameAs\":[\"https:\\\/\\\/www.facebook.com\\\/BMIRD\\\/\",\"https:\\\/\\\/www.instagram.com\\\/bmird\\\/\",\"https:\\\/\\\/www.linkedin.com\\\/company\\\/bmird\\\/\",\"https:\\\/\\\/www.youtube.com\\\/user\\\/BMICompaniesGlobal\\\/videos\"]},{\"@type\":\"Person\",\"@id\":\"https:\\\/\\\/www.bmicos.com\\\/dominicana\\\/#\\\/schema\\\/person\\\/cb0375acd56e63ca2d186eb6e90a03bf\",\"name\":\"web\",\"image\":{\"@type\":\"ImageObject\",\"inLanguage\":\"es\",\"@id\":\"https:\\\/\\\/secure.gravatar.com\\\/avatar\\\/aa6395adbd28f6305d4963b3cf4f0efb13e667f8737df57a460e4108e926a10d?s=96&d=mm&r=g\",\"url\":\"https:\\\/\\\/secure.gravatar.com\\\/avatar\\\/aa6395adbd28f6305d4963b3cf4f0efb13e667f8737df57a460e4108e926a10d?s=96&d=mm&r=g\",\"contentUrl\":\"https:\\\/\\\/secure.gravatar.com\\\/avatar\\\/aa6395adbd28f6305d4963b3cf4f0efb13e667f8737df57a460e4108e926a10d?s=96&d=mm&r=g\",\"caption\":\"web\"}}]}<\/script>\n<!-- \/ Yoast SEO Premium plugin. -->","yoast_head_json":{"title":"BMI se une a la segunda jornada de donaci\u00f3n de sangre para ni\u00f1as y ni\u00f1os con c\u00e1ncer - BMI Rep\u00fablica Dominicana","robots":{"index":"index","follow":"follow","max-snippet":"max-snippet:-1","max-image-preview":"max-image-preview:large","max-video-preview":"max-video-preview:-1"},"canonical":"https:\/\/www.bmicos.com\/dominicana\/noticias\/bmi-se-una-vez-mas-a-la-segunda-jornada-de-donacion-de-sangre-para-las-ninas-y-ninos-con-cancer\/","og_locale":"es_ES","og_type":"article","og_title":"BMI se une a la segunda jornada de donaci\u00f3n de sangre para ni\u00f1as y ni\u00f1os con c\u00e1ncer","og_description":"En BMI por segundo a\u00f1o consecutivo nos unimos a la fundaci\u00f3n FACCI (Fundaci\u00f3n Amigos contra el C\u00e1ncer Infantil) y Acr\u00f3polis Business Mall para respaldar la segunda jornada de donaci\u00f3n de sangre en beneficio de las ni\u00f1as y ni\u00f1os dominicanos que padecen esta enfermedad y son parte de la fundaci\u00f3n. La jornada se llev\u00f3 a cabo [&hellip;]","og_url":"https:\/\/www.bmicos.com\/dominicana\/noticias\/bmi-se-una-vez-mas-a-la-segunda-jornada-de-donacion-de-sangre-para-las-ninas-y-ninos-con-cancer\/","og_site_name":"BMI Rep\u00fablica Dominicana","article_publisher":"https:\/\/www.facebook.com\/BMIRD\/","article_published_time":"2024-02-16T16:17:55+00:00","article_modified_time":"2024-02-21T22:24:27+00:00","og_image":[{"width":1600,"height":720,"url":"https:\/\/www.bmicos.com\/dominicana\/wp-content\/uploads\/sites\/7\/2024\/02\/WhatsApp-Image-2024-02-13-at-3.21.04-PM-2.jpeg","type":"image\/jpeg"}],"author":"web","twitter_card":"summary_large_image","twitter_misc":{"Escrito por":"web","Tiempo de lectura":"5 minutos"},"schema":{"@context":"https:\/\/schema.org","@graph":[{"@type":"Article","@id":"https:\/\/www.bmicos.com\/dominicana\/noticias\/bmi-se-una-vez-mas-a-la-segunda-jornada-de-donacion-de-sangre-para-las-ninas-y-ninos-con-cancer\/#article","isPartOf":{"@id":"https:\/\/www.bmicos.com\/dominicana\/noticias\/bmi-se-una-vez-mas-a-la-segunda-jornada-de-donacion-de-sangre-para-las-ninas-y-ninos-con-cancer\/"},"author":{"name":"web","@id":"https:\/\/www.bmicos.com\/dominicana\/#\/schema\/person\/cb0375acd56e63ca2d186eb6e90a03bf"},"headline":"BMI se une a la segunda jornada de donaci\u00f3n de sangre para ni\u00f1as y ni\u00f1os con c\u00e1ncer","datePublished":"2024-02-16T16:17:55+00:00","dateModified":"2024-02-21T22:24:27+00:00","mainEntityOfPage":{"@id":"https:\/\/www.bmicos.com\/dominicana\/noticias\/bmi-se-una-vez-mas-a-la-segunda-jornada-de-donacion-de-sangre-para-las-ninas-y-ninos-con-cancer\/"},"wordCount":418,"commentCount":0,"publisher":{"@id":"https:\/\/www.bmicos.com\/dominicana\/#organization"},"image":{"@id":"https:\/\/www.bmicos.com\/dominicana\/noticias\/bmi-se-una-vez-mas-a-la-segunda-jornada-de-donacion-de-sangre-para-las-ninas-y-ninos-con-cancer\/#primaryimage"},"thumbnailUrl":"https:\/\/www.bmicos.com\/dominicana\/wp-content\/uploads\/sites\/7\/2024\/02\/WhatsApp-Image-2024-02-13-at-3.21.04-PM-2.jpeg","articleSection":["Noticias"],"inLanguage":"es","potentialAction":[{"@type":"CommentAction","name":"Comment","target":["https:\/\/www.bmicos.com\/dominicana\/noticias\/bmi-se-una-vez-mas-a-la-segunda-jornada-de-donacion-de-sangre-para-las-ninas-y-ninos-con-cancer\/#respond"]}]},{"@type":"WebPage","@id":"https:\/\/www.bmicos.com\/dominicana\/noticias\/bmi-se-una-vez-mas-a-la-segunda-jornada-de-donacion-de-sangre-para-las-ninas-y-ninos-con-cancer\/","url":"https:\/\/www.bmicos.com\/dominicana\/noticias\/bmi-se-una-vez-mas-a-la-segunda-jornada-de-donacion-de-sangre-para-las-ninas-y-ninos-con-cancer\/","name":"BMI se une a la segunda jornada de donaci\u00f3n de sangre para ni\u00f1as y ni\u00f1os con c\u00e1ncer - BMI Rep\u00fablica Dominicana","isPartOf":{"@id":"https:\/\/www.bmicos.com\/dominicana\/#website"},"primaryImageOfPage":{"@id":"https:\/\/www.bmicos.com\/dominicana\/noticias\/bmi-se-una-vez-mas-a-la-segunda-jornada-de-donacion-de-sangre-para-las-ninas-y-ninos-con-cancer\/#primaryimage"},"image":{"@id":"https:\/\/www.bmicos.com\/dominicana\/noticias\/bmi-se-una-vez-mas-a-la-segunda-jornada-de-donacion-de-sangre-para-las-ninas-y-ninos-con-cancer\/#primaryimage"},"thumbnailUrl":"https:\/\/www.bmicos.com\/dominicana\/wp-content\/uploads\/sites\/7\/2024\/02\/WhatsApp-Image-2024-02-13-at-3.21.04-PM-2.jpeg","datePublished":"2024-02-16T16:17:55+00:00","dateModified":"2024-02-21T22:24:27+00:00","breadcrumb":{"@id":"https:\/\/www.bmicos.com\/dominicana\/noticias\/bmi-se-una-vez-mas-a-la-segunda-jornada-de-donacion-de-sangre-para-las-ninas-y-ninos-con-cancer\/#breadcrumb"},"inLanguage":"es","potentialAction":[{"@type":"ReadAction","target":["https:\/\/www.bmicos.com\/dominicana\/noticias\/bmi-se-una-vez-mas-a-la-segunda-jornada-de-donacion-de-sangre-para-las-ninas-y-ninos-con-cancer\/"]}]},{"@type":"ImageObject","inLanguage":"es","@id":"https:\/\/www.bmicos.com\/dominicana\/noticias\/bmi-se-una-vez-mas-a-la-segunda-jornada-de-donacion-de-sangre-para-las-ninas-y-ninos-con-cancer\/#primaryimage","url":"https:\/\/www.bmicos.com\/dominicana\/wp-content\/uploads\/sites\/7\/2024\/02\/WhatsApp-Image-2024-02-13-at-3.21.04-PM-2.jpeg","contentUrl":"https:\/\/www.bmicos.com\/dominicana\/wp-content\/uploads\/sites\/7\/2024\/02\/WhatsApp-Image-2024-02-13-at-3.21.04-PM-2.jpeg","width":1600,"height":720},{"@type":"BreadcrumbList","@id":"https:\/\/www.bmicos.com\/dominicana\/noticias\/bmi-se-una-vez-mas-a-la-segunda-jornada-de-donacion-de-sangre-para-las-ninas-y-ninos-con-cancer\/#breadcrumb","itemListElement":[{"@type":"ListItem","position":1,"name":"Inicio","item":"https:\/\/www.bmicos.com\/dominicana\/"},{"@type":"ListItem","position":2,"name":"BMI se une a la segunda jornada de donaci\u00f3n de sangre para ni\u00f1as y ni\u00f1os con c\u00e1ncer"}]},{"@type":"WebSite","@id":"https:\/\/www.bmicos.com\/dominicana\/#website","url":"https:\/\/www.bmicos.com\/dominicana\/","name":"BMI Rep\u00fablica Dominicana","description":"Asegurando familias en todo el mundo","publisher":{"@id":"https:\/\/www.bmicos.com\/dominicana\/#organization"},"potentialAction":[{"@type":"SearchAction","target":{"@type":"EntryPoint","urlTemplate":"https:\/\/www.bmicos.com\/dominicana\/?s={search_term_string}"},"query-input":{"@type":"PropertyValueSpecification","valueRequired":true,"valueName":"search_term_string"}}],"inLanguage":"es"},{"@type":"Organization","@id":"https:\/\/www.bmicos.com\/dominicana\/#organization","name":"BMI Companies","url":"https:\/\/www.bmicos.com\/dominicana\/","logo":{"@type":"ImageObject","inLanguage":"es","@id":"https:\/\/www.bmicos.com\/dominicana\/#\/schema\/logo\/image\/","url":"https:\/\/www.bmicos.com\/dominicana\/wp-content\/uploads\/sites\/7\/2020\/12\/logo-1.png","contentUrl":"https:\/\/www.bmicos.com\/dominicana\/wp-content\/uploads\/sites\/7\/2020\/12\/logo-1.png","width":519,"height":273,"caption":"BMI Companies"},"image":{"@id":"https:\/\/www.bmicos.com\/dominicana\/#\/schema\/logo\/image\/"},"sameAs":["https:\/\/www.facebook.com\/BMIRD\/","https:\/\/www.instagram.com\/bmird\/","https:\/\/www.linkedin.com\/company\/bmird\/","https:\/\/www.youtube.com\/user\/BMICompaniesGlobal\/videos"]},{"@type":"Person","@id":"https:\/\/www.bmicos.com\/dominicana\/#\/schema\/person\/cb0375acd56e63ca2d186eb6e90a03bf","name":"web","image":{"@type":"ImageObject","inLanguage":"es","@id":"https:\/\/secure.gravatar.com\/avatar\/aa6395adbd28f6305d4963b3cf4f0efb13e667f8737df57a460e4108e926a10d?s=96&d=mm&r=g","url":"https:\/\/secure.gravatar.com\/avatar\/aa6395adbd28f6305d4963b3cf4f0efb13e667f8737df57a460e4108e926a10d?s=96&d=mm&r=g","contentUrl":"https:\/\/secure.gravatar.com\/avatar\/aa6395adbd28f6305d4963b3cf4f0efb13e667f8737df57a460e4108e926a10d?s=96&d=mm&r=g","caption":"web"}}]}},"_links":{"self":[{"href":"https:\/\/www.bmicos.com\/dominicana\/wp-json\/wp\/v2\/posts\/5093","targetHints":{"allow":["GET"]}}],"collection":[{"href":"https:\/\/www.bmicos.com\/dominicana\/wp-json\/wp\/v2\/posts"}],"about":[{"href":"https:\/\/www.bmicos.com\/dominicana\/wp-json\/wp\/v2\/types\/post"}],"author":[{"embeddable":true,"href":"https:\/\/www.bmicos.com\/dominicana\/wp-json\/wp\/v2\/users\/1"}],"replies":[{"embeddable":true,"href":"https:\/\/www.bmicos.com\/dominicana\/wp-json\/wp\/v2\/comments?post=5093"}],"version-history":[{"count":0,"href":"https:\/\/www.bmicos.com\/dominicana\/wp-json\/wp\/v2\/posts\/5093\/revisions"}],"wp:featuredmedia":[{"embeddable":true,"href":"https:\/\/www.bmicos.com\/dominicana\/wp-json\/wp\/v2\/media\/5095"}],"wp:attachment":[{"href":"https:\/\/www.bmicos.com\/dominicana\/wp-json\/wp\/v2\/media?parent=5093"}],"wp:term":[{"taxonomy":"category","embeddable":true,"href":"https:\/\/www.bmicos.com\/dominicana\/wp-json\/wp\/v2\/categories?post=5093"},{"taxonomy":"post_tag","embeddable":true,"href":"https:\/\/www.bmicos.com\/dominicana\/wp-json\/wp\/v2\/tags?post=5093"}],"curies":[{"name":"wp","href":"https:\/\/api.w.org\/{rel}","templated":true}]}}