{"id":8922,"date":"2024-03-27T01:01:00","date_gmt":"2024-03-27T06:01:00","guid":{"rendered":"https:\/\/www.bmicos.com\/ecuador\/?p=8922"},"modified":"2024-02-29T11:20:35","modified_gmt":"2024-02-29T16:20:35","slug":"navegando-en-la-era-digital-dispositivos-electronicos-y-la-infancia","status":"publish","type":"post","link":"https:\/\/www.bmicos.com\/ecuador\/en\/blog\/navegando-en-la-era-digital-dispositivos-electronicos-y-la-infancia\/","title":{"rendered":"Navigating the digital age: electronic devices and childhood"},"content":{"rendered":"<p>In the digital age, electronic devices have become integrated into people&#039;s daily lives. According to Kids Health, a web encyclopedia part of the Nemours Children&#039;s Health organization, from an early age children are exposed to computers, tablets, cell phones and televisions. Primicias indicates that, in Latin America, 92% of children between three and thirteen years old have access to a device connected to the internet. The 40 % of the parents assure that they use it mainly to connect to their social networks and play. This situation raises important questions, such as: What risks and benefits does technology have on boys and girls? Next, we will present information on the impact of technology on children.<\/p>\n\n\n\n<h2 class=\"wp-block-heading\"><strong>Technology risks<\/strong><\/h2>\n\n\n\n<p>&nbsp;Consumer Eroski, a Spanish magazine, states that technology can have a negative impact on health when used for long periods of time, for example:<\/p>\n\n\n\n<figure class=\"wp-block-image size-full\"><img loading=\"lazy\" decoding=\"async\" width=\"2316\" height=\"1060\" src=\"https:\/\/www.bmicos.com\/ecuador\/wp-content\/uploads\/sites\/9\/2024\/02\/shutterstock_2291649987.jpg\" alt=\"\" class=\"wp-image-8927\" srcset=\"https:\/\/www.bmicos.com\/ecuador\/wp-content\/uploads\/sites\/9\/2024\/02\/shutterstock_2291649987.jpg 2316w, https:\/\/www.bmicos.com\/ecuador\/wp-content\/uploads\/sites\/9\/2024\/02\/shutterstock_2291649987-1536x703.jpg 1536w, https:\/\/www.bmicos.com\/ecuador\/wp-content\/uploads\/sites\/9\/2024\/02\/shutterstock_2291649987-2048x937.jpg 2048w, https:\/\/www.bmicos.com\/ecuador\/wp-content\/uploads\/sites\/9\/2024\/02\/shutterstock_2291649987-18x8.jpg 18w, https:\/\/www.bmicos.com\/ecuador\/wp-content\/uploads\/sites\/9\/2024\/02\/shutterstock_2291649987-600x275.jpg 600w\" sizes=\"auto, (max-width: 2316px) 100vw, 2316px\" \/><\/figure>\n\n\n\n<ul class=\"wp-block-list\">\n<li><strong><\/strong><strong>Position: <\/strong>Poor posture can cause back or neck pain and in more severe cases, you can suffer from carpal tunnel syndrome, which happens when the nerve that runs from the forearm to the hand is pressed or trapped inside the carpal tunnel, causing It causes numbness, tingling, and weakness in the hand. This occurs in people who spend a lot of time on their computer or cell phone writing, according to Semana, a Colombian newspaper.<\/li>\n<\/ul>\n\n\n\n<p>The Spanish newspaper, 20 minutes, reports that there may also be \u201cselfie elbow,\u201d which occurs from spending a lot of time in this position, because too much tension is placed on the muscle, causing inflammation.<\/p>\n\n\n\n<ul class=\"wp-block-list\">\n<li><strong>Feeding: <\/strong>Another health impact is being overweight; people who spend too much time in front of screens tend to be more sedentary. Also, due to the constant use of devices, the meal schedule can be affected.<\/li>\n\n\n\n<li><strong>Dream: <\/strong>American Academy Of Ophthalmology reports that exposure to excessive blue light can disrupt the natural sleep cycle, better known as the circadian rhythm. Therefore, it is recommended that you avoid using technology at least one or two hours before going to sleep. To learn more about children&#039;s sleep, visit: <a href=\"https:\/\/www.bmicos.com\/ecuador\/en\/blog\/el-manual-de-los-suenos\/\" target=\"_blank\" rel=\"noreferrer noopener\">https:\/\/www.bmicos.com\/ecuador\/blog\/el-manual-de-los-suenos\/<\/a><\/li>\n\n\n\n<li><strong><\/strong><strong>Hearing: <\/strong>According to the WHO, one of the causes of deafness is prolonged exposure to loud sounds, so listening to very loud music with headphones is not recommended.<\/li>\n\n\n\n<li><strong>School problems and bullying: <\/strong>World Vision, an NGO, indicates that it can affect school performance if there is excessive use or if it is used at the same time as doing homework, because it generates distraction, in addition, the little ones can be victims of cyberbullying, which according to Unicef , happens when a person is intimidated through digital technologies, whether on social networks or gaming platforms.<\/li>\n\n\n\n<li><strong>Mental health: <\/strong>In relation to mental health, telephone abuse can cause, according to the IMQ Health Channel:<\/li>\n<\/ul>\n\n\n\n<ol class=\"wp-block-list\">\n<li>Nomophobia: It is the anxiety generated by leaving the cell phone at home and it is excessive.<\/li>\n\n\n\n<li>Cyberchondria: It is a disorder suffered by certain people who believe they have a disease that they have seen on the internet.<\/li>\n\n\n\n<li>Dissociative identity disorder: It occurs when the person cannot differentiate real life from virtual life.<\/li>\n\n\n\n<li>Phubbing: It is the abusive use of the telephone while other people are present.<\/li>\n<\/ol>\n\n\n\n<figure class=\"wp-block-image size-full\"><img loading=\"lazy\" decoding=\"async\" width=\"1382\" height=\"777\" src=\"https:\/\/www.bmicos.com\/ecuador\/wp-content\/uploads\/sites\/9\/2024\/02\/shutterstock_1795173874.jpg\" alt=\"\" class=\"wp-image-8925\" srcset=\"https:\/\/www.bmicos.com\/ecuador\/wp-content\/uploads\/sites\/9\/2024\/02\/shutterstock_1795173874.jpg 1382w, https:\/\/www.bmicos.com\/ecuador\/wp-content\/uploads\/sites\/9\/2024\/02\/shutterstock_1795173874-18x10.jpg 18w, https:\/\/www.bmicos.com\/ecuador\/wp-content\/uploads\/sites\/9\/2024\/02\/shutterstock_1795173874-600x337.jpg 600w\" sizes=\"auto, (max-width: 1382px) 100vw, 1382px\" \/><\/figure>\n\n\n\n<h2 class=\"wp-block-heading\" id=\"h-beneficios-de-la-tecnologia\"><strong>Benefits of technology<\/strong><\/h2>\n\n\n\n<p>Not everything is negative regarding technology, as it offers significant benefits for boys and girls. Here are some examples that Unicef presents to us.<\/p>\n\n\n\n<p><strong>Fac<\/strong><strong>illites learning:<\/strong> It has enormous potential to expand the reach of education, mainly in remote places. Likewise, in-person classes can be complemented with digital tools, making them more educational and entertaining.<\/p>\n\n\n\n<p><strong>Amplifies your voice: <\/strong>The little ones share their opinions on blogs and social networks.<\/p>\n\n\n\n<p><strong>Promotes inclusion:<\/strong> Technology can help children with disabilities communicate, learn and participate in activities.<\/p>\n\n\n\n<h2 class=\"wp-block-heading\"><strong>Tips for responsible use of technology<\/strong><\/h2>\n\n\n\n<p>We recommend several tips from the American Academy of Pediatrics for different stages of childhood.<\/p>\n\n\n\n<p><strong>Babies and toddlers up to 18 months:<\/strong> It is not recommended that they spend time in front of a screen, an exception may be making video calls with relatives.<\/p>\n\n\n\n<p><strong>Preschoolers from 3 to 4 years old: <\/strong>It is suggested that maximum time with devices be up to one hour per day in educational programs, and should always be supervised by a caregiver.<\/p>\n\n\n\n<p><strong>Boys, girls from 5 to 11 years old: <\/strong>The recommended time is 1 to 2 hours, and always keep in mind that the devices should not interfere with sleep or physical activity.<\/p>\n\n\n\n<p>Additionally, suggestions from the Microsoft Security and Protection Center are shared, such as: having established times to respect device use times. In relation to the p<strong>r<\/strong>ivacy, it should be communicated that you should not chat with strangers, and it is suggested to have systems that avoid receiving video calls from unknown people. Likewise, there are parental control applications, which filter the content that children view through their devices.<\/p>\n\n\n\n<figure class=\"wp-block-image size-full\"><img loading=\"lazy\" decoding=\"async\" width=\"1441\" height=\"961\" src=\"https:\/\/www.bmicos.com\/ecuador\/wp-content\/uploads\/sites\/9\/2024\/02\/shutterstock_2064102641.jpg\" alt=\"\" class=\"wp-image-8926\" srcset=\"https:\/\/www.bmicos.com\/ecuador\/wp-content\/uploads\/sites\/9\/2024\/02\/shutterstock_2064102641.jpg 1441w, https:\/\/www.bmicos.com\/ecuador\/wp-content\/uploads\/sites\/9\/2024\/02\/shutterstock_2064102641-18x12.jpg 18w, https:\/\/www.bmicos.com\/ecuador\/wp-content\/uploads\/sites\/9\/2024\/02\/shutterstock_2064102641-600x400.jpg 600w\" sizes=\"auto, (max-width: 1441px) 100vw, 1441px\" \/><\/figure>\n\n\n\n<p>In conclusion, as we navigate the digital age, it is crucial to be aware of the risks that electronic devices can pose to the physical, mental and emotional health of our children. However, not everything is negative; It is also important to recognize the benefits that technology can offer in terms of learning, communication and inclusion. As parents and caregivers, it is important to find a healthy balance to encourage conscious and responsible use.<\/p>\n\n\n\n<h2 class=\"wp-block-heading\"><strong>References:<\/strong><\/h2>\n\n\n\n<p><em>This is how boys and girls should use screens, according to scientific evidence<\/em>. (2023, September 29). Consumer Eroski. <a href=\"https:\/\/www.consumer.es\/bebe\/uso-pantallas-ninos-segun-evidencia-cientifica\" target=\"_blank\" rel=\"noreferrer noopener nofollow\">https:\/\/www.consumer.es\/bebe\/uso-pantallas-ninos-segun-evidencia-cientifica<\/a><\/p>\n\n\n\n<p><em>Cyberbullying: What it is and how to stop it<\/em>. (sf). UNICEF. <a href=\"https:\/\/www.unicef.org\/es\/end-violence\/ciberacoso-que-es-y-como-detenerlo\" target=\"_blank\" rel=\"noreferrer noopener nofollow\">https:\/\/www.unicef.org\/es\/end-violence\/ciberacoso-que-es-y-como-detenerlo<\/a><\/p>\n\n\n\n<p>IMQ, CS (2021, April 29). Technological diseases, the other side of progress. <em>IMQ<\/em>. <a href=\"https:\/\/canalsalud.imq.es\/blog\/enfermedades-tecnologicas\" target=\"_blank\" rel=\"noreferrer noopener nofollow\">https:\/\/canalsalud.imq.es\/blog\/enfermedades-tecnologicas<\/a><\/p>\n\n\n\n<p>Minutes. (2016, July 9). The &#039;selfie elbow&#039;: a new injury arrives due to cell phone abuse. <em>www.20minutos.es \u2013 Latest News<\/em>. <a href=\"https:\/\/www.20minutos.es\/noticia\/2793385\/0\/codo-selfie-lesiones-uso-movil\/\" target=\"_blank\" rel=\"noreferrer noopener nofollow\">https:\/\/www.20minutos.es\/noticia\/2793385\/0\/codo-selfie-lesiones-uso-movil\/<\/a><\/p>\n\n\n\n<p>National Geographic. (2022, November 18). <em>Electronic devices can cause changes in children&#039;s sleep \u2013 National Geographic en Espa\u00f1ol<\/em>. National Geographic In Spanish. <a href=\"https:\/\/www.ngenespanol.com\/salud\/dispositivos-alteraciones-sueno-ninos\/\" target=\"_blank\" rel=\"noreferrer noopener nofollow\">https:\/\/www.ngenespanol.com\/salud\/dispositivos-alteraciones-sueno-ninos\/<\/a><\/p>\n\n\n\n<p>Children in a digital world. (2017). <em>UNICEF<\/em>. <a href=\"https:\/\/www.unicef.org\/media\/48611\/file#:~:text=Las%20tecnolog%C3%ADas%20digitales%20brindan%20oportunidades,y%20pueden%20ayudarles%20a%20resolverlo\">https:\/\/www.unicef.org\/media\/48611\/file#:~:text=Las%20tecnolog%C3%ADas%20digitales%20brindan%20oportunidades,y%20pueden%20ayudarles%20a%20resolverlo<\/a><\/p>\n\n\n\n<p><em>New Technologies: risk factors and recommendations for their use<\/em>. (2022, April 4). WorldVision. <a href=\"https:\/\/worldvisionamericalatina.org\/ec\/blog\/nuevas-tecnologias-factores-de-riesgo-y-recomendaciones-para-su-uso\" target=\"_blank\" rel=\"noreferrer noopener nofollow\">https:\/\/worldvisionamericalatina.org\/ec\/blog\/nuevas-tecnologias-factores-de-riesgo-y-recomendaciones-para-su-uso<\/a><\/p>\n\n\n\n<p>Pesantes, K. (2019, October 27). The 30% of parents in Ecuador admits that their children under 13 years of age use Facebook. <em>First fruits<\/em>. <a href=\"https:\/\/www.primicias.ec\/noticias\/tecnologia\/ecuador-ninos-uso-facebook-redes\/\" target=\"_blank\" rel=\"noreferrer noopener nofollow\">https:\/\/www.primicias.ec\/noticias\/tecnologia\/ecuador-ninos-uso-facebook-redes\/<\/a><\/p>\n\n\n\n<p><em>Set limits on the use of electronic devices<\/em>. (2022, August). KIDS HEALTH. <a href=\"https:\/\/kidshealth.org\/es\/parents\/how-much-tv.html\" target=\"_blank\" rel=\"noreferrer noopener nofollow\">https:\/\/kidshealth.org\/es\/parents\/how-much-tv.html<\/a><\/p>\n\n\n\n<p>Week. (2020, August 30). 7 diseases caused by excess technology. <em>Semana.com Latest News from Colombia and the World<\/em>. <a href=\"https:\/\/www.semana.com\/tecnologia\/tips\/articulo\/enfermedades-producidas-exceso-tecnologia\/373968-3\/\" target=\"_blank\" rel=\"noreferrer noopener nofollow\">https:\/\/www.semana.com\/tecnologia\/tips\/articulo\/enfermedades-producidas-exceso-tecnologia\/373968-3\/<\/a><\/p>\n\n\n\n<p>World Health Organization: WHO. (2022b, March 2). WHO publishes new standard to address growing threat of hearing loss. <em>WHO<\/em>. <a href=\"https:\/\/www.who.int\/es\/news\/item\/02-03-2022-who-releases-new-standard-to-tackle-rising-threat-of-hearing-loss#:~:text=La%20exposici%C3%B3n%20a%20sonidos%20fuertes,p%C3%A9rdida%20irreversible%20de%20la%20audici%C3%B3n\" target=\"_blank\" rel=\"noreferrer noopener nofollow\">https:\/\/www.who.int\/es\/news\/item\/02-03-2022-who-releases-new-standard-to-tackle-rising-threat-of-hearing-loss#:~:text=La%20exposici%C3%B3n%20a%20sonidos%20fuertes,p%C3%A9rdida%20irreversible%20de%20la%20audici%C3%B3n<\/a>.<\/p>","protected":false},"excerpt":{"rendered":"<p>En la era digital, los dispositivos electr\u00f3nicos se han integrado en la vida diaria de las personas. Seg\u00fan Kids Health, una enciclopedia web parte de la organizaci\u00f3n Nemours Children\u2019s Health, desde temprana edad los m\u00e1s peque\u00f1os est\u00e1n expuestos a computadoras, tabletas, celulares y televisores. Primicias indica que, en Am\u00e9rica Latina, el 92 % de los [&hellip;]<\/p>\n","protected":false},"author":1,"featured_media":8924,"comment_status":"open","ping_status":"closed","sticky":false,"template":"","format":"standard","meta":{"_acf_changed":false,"content-type":"","footnotes":""},"categories":[651],"tags":[],"class_list":["post-8922","post","type-post","status-publish","format-standard","has-post-thumbnail","hentry","category-tecnologia"],"acf":[],"yoast_head":"<!-- This site is optimized with the Yoast SEO Premium plugin v20.7 (Yoast SEO v27.5) - https:\/\/yoast.com\/product\/yoast-seo-premium-wordpress\/ -->\n<title>Navegando en la era digital: dispositivos electr\u00f3nicos y la infancia - BMI Ecuador<\/title>\n<meta name=\"robots\" content=\"index, follow, max-snippet:-1, max-image-preview:large, max-video-preview:-1\" \/>\n<link rel=\"canonical\" href=\"https:\/\/www.bmicos.com\/ecuador\/en\/blog\/navegando-en-la-era-digital-dispositivos-electronicos-y-la-infancia\/\" \/>\n<meta property=\"og:locale\" content=\"en_US\" \/>\n<meta property=\"og:type\" content=\"article\" \/>\n<meta property=\"og:title\" content=\"Navegando en la era digital: dispositivos electr\u00f3nicos y la infancia\" \/>\n<meta property=\"og:description\" content=\"En la era digital, los dispositivos electr\u00f3nicos se han integrado en la vida diaria de las personas. Seg\u00fan Kids Health, una enciclopedia web parte de la organizaci\u00f3n Nemours Children\u2019s Health, desde temprana edad los m\u00e1s peque\u00f1os est\u00e1n expuestos a computadoras, tabletas, celulares y televisores. Primicias indica que, en Am\u00e9rica Latina, el 92 % de los [&hellip;]\" \/>\n<meta property=\"og:url\" content=\"https:\/\/www.bmicos.com\/ecuador\/en\/blog\/navegando-en-la-era-digital-dispositivos-electronicos-y-la-infancia\/\" \/>\n<meta property=\"og:site_name\" content=\"BMI Ecuador\" \/>\n<meta property=\"article:publisher\" content=\"https:\/\/www.facebook.com\/BMIEcuador\" \/>\n<meta property=\"article:published_time\" content=\"2024-03-27T06:01:00+00:00\" \/>\n<meta property=\"og:image\" content=\"https:\/\/www.bmicos.com\/ecuador\/wp-content\/uploads\/sites\/9\/2024\/02\/shutterstock_234587068.jpg\" \/>\n\t<meta property=\"og:image:width\" content=\"1185\" \/>\n\t<meta property=\"og:image:height\" content=\"802\" \/>\n\t<meta property=\"og:image:type\" content=\"image\/jpeg\" \/>\n<meta name=\"author\" content=\"web\" \/>\n<meta name=\"twitter:card\" content=\"summary_large_image\" \/>\n<meta name=\"twitter:label1\" content=\"Written by\" \/>\n\t<meta name=\"twitter:data1\" content=\"web\" \/>\n\t<meta name=\"twitter:label2\" content=\"Est. reading time\" \/>\n\t<meta name=\"twitter:data2\" content=\"6 minutes\" \/>\n<script type=\"application\/ld+json\" class=\"yoast-schema-graph\">{\"@context\":\"https:\\\/\\\/schema.org\",\"@graph\":[{\"@type\":\"Article\",\"@id\":\"https:\\\/\\\/www.bmicos.com\\\/ecuador\\\/blog\\\/navegando-en-la-era-digital-dispositivos-electronicos-y-la-infancia\\\/#article\",\"isPartOf\":{\"@id\":\"https:\\\/\\\/www.bmicos.com\\\/ecuador\\\/blog\\\/navegando-en-la-era-digital-dispositivos-electronicos-y-la-infancia\\\/\"},\"author\":{\"name\":\"web\",\"@id\":\"https:\\\/\\\/www.bmicos.com\\\/ecuador\\\/#\\\/schema\\\/person\\\/cb0375acd56e63ca2d186eb6e90a03bf\"},\"headline\":\"Navegando en la era digital: dispositivos electr\u00f3nicos y la infancia\",\"datePublished\":\"2024-03-27T06:01:00+00:00\",\"mainEntityOfPage\":{\"@id\":\"https:\\\/\\\/www.bmicos.com\\\/ecuador\\\/blog\\\/navegando-en-la-era-digital-dispositivos-electronicos-y-la-infancia\\\/\"},\"wordCount\":1317,\"commentCount\":0,\"publisher\":{\"@id\":\"https:\\\/\\\/www.bmicos.com\\\/ecuador\\\/#organization\"},\"image\":{\"@id\":\"https:\\\/\\\/www.bmicos.com\\\/ecuador\\\/blog\\\/navegando-en-la-era-digital-dispositivos-electronicos-y-la-infancia\\\/#primaryimage\"},\"thumbnailUrl\":\"https:\\\/\\\/www.bmicos.com\\\/ecuador\\\/wp-content\\\/uploads\\\/sites\\\/9\\\/2024\\\/02\\\/shutterstock_234587068.jpg\",\"articleSection\":[\"Tecnolog\u00eda\"],\"inLanguage\":\"en-US\",\"potentialAction\":[{\"@type\":\"CommentAction\",\"name\":\"Comment\",\"target\":[\"https:\\\/\\\/www.bmicos.com\\\/ecuador\\\/blog\\\/navegando-en-la-era-digital-dispositivos-electronicos-y-la-infancia\\\/#respond\"]}]},{\"@type\":\"WebPage\",\"@id\":\"https:\\\/\\\/www.bmicos.com\\\/ecuador\\\/blog\\\/navegando-en-la-era-digital-dispositivos-electronicos-y-la-infancia\\\/\",\"url\":\"https:\\\/\\\/www.bmicos.com\\\/ecuador\\\/blog\\\/navegando-en-la-era-digital-dispositivos-electronicos-y-la-infancia\\\/\",\"name\":\"Navegando en la era digital: dispositivos electr\u00f3nicos y la infancia - BMI Ecuador\",\"isPartOf\":{\"@id\":\"https:\\\/\\\/www.bmicos.com\\\/ecuador\\\/#website\"},\"primaryImageOfPage\":{\"@id\":\"https:\\\/\\\/www.bmicos.com\\\/ecuador\\\/blog\\\/navegando-en-la-era-digital-dispositivos-electronicos-y-la-infancia\\\/#primaryimage\"},\"image\":{\"@id\":\"https:\\\/\\\/www.bmicos.com\\\/ecuador\\\/blog\\\/navegando-en-la-era-digital-dispositivos-electronicos-y-la-infancia\\\/#primaryimage\"},\"thumbnailUrl\":\"https:\\\/\\\/www.bmicos.com\\\/ecuador\\\/wp-content\\\/uploads\\\/sites\\\/9\\\/2024\\\/02\\\/shutterstock_234587068.jpg\",\"datePublished\":\"2024-03-27T06:01:00+00:00\",\"breadcrumb\":{\"@id\":\"https:\\\/\\\/www.bmicos.com\\\/ecuador\\\/blog\\\/navegando-en-la-era-digital-dispositivos-electronicos-y-la-infancia\\\/#breadcrumb\"},\"inLanguage\":\"en-US\",\"potentialAction\":[{\"@type\":\"ReadAction\",\"target\":[\"https:\\\/\\\/www.bmicos.com\\\/ecuador\\\/blog\\\/navegando-en-la-era-digital-dispositivos-electronicos-y-la-infancia\\\/\"]}]},{\"@type\":\"ImageObject\",\"inLanguage\":\"en-US\",\"@id\":\"https:\\\/\\\/www.bmicos.com\\\/ecuador\\\/blog\\\/navegando-en-la-era-digital-dispositivos-electronicos-y-la-infancia\\\/#primaryimage\",\"url\":\"https:\\\/\\\/www.bmicos.com\\\/ecuador\\\/wp-content\\\/uploads\\\/sites\\\/9\\\/2024\\\/02\\\/shutterstock_234587068.jpg\",\"contentUrl\":\"https:\\\/\\\/www.bmicos.com\\\/ecuador\\\/wp-content\\\/uploads\\\/sites\\\/9\\\/2024\\\/02\\\/shutterstock_234587068.jpg\",\"width\":1185,\"height\":802},{\"@type\":\"BreadcrumbList\",\"@id\":\"https:\\\/\\\/www.bmicos.com\\\/ecuador\\\/blog\\\/navegando-en-la-era-digital-dispositivos-electronicos-y-la-infancia\\\/#breadcrumb\",\"itemListElement\":[{\"@type\":\"ListItem\",\"position\":1,\"name\":\"Inicio\",\"item\":\"https:\\\/\\\/www.bmicos.com\\\/ecuador\\\/\"},{\"@type\":\"ListItem\",\"position\":2,\"name\":\"Navegando en la era digital: dispositivos electr\u00f3nicos y la infancia\"}]},{\"@type\":\"WebSite\",\"@id\":\"https:\\\/\\\/www.bmicos.com\\\/ecuador\\\/#website\",\"url\":\"https:\\\/\\\/www.bmicos.com\\\/ecuador\\\/\",\"name\":\"BMI Ecuador\",\"description\":\"Asegurando familias en todo el mundo\",\"publisher\":{\"@id\":\"https:\\\/\\\/www.bmicos.com\\\/ecuador\\\/#organization\"},\"potentialAction\":[{\"@type\":\"SearchAction\",\"target\":{\"@type\":\"EntryPoint\",\"urlTemplate\":\"https:\\\/\\\/www.bmicos.com\\\/ecuador\\\/?s={search_term_string}\"},\"query-input\":{\"@type\":\"PropertyValueSpecification\",\"valueRequired\":true,\"valueName\":\"search_term_string\"}}],\"inLanguage\":\"en-US\"},{\"@type\":\"Organization\",\"@id\":\"https:\\\/\\\/www.bmicos.com\\\/ecuador\\\/#organization\",\"name\":\"BMI Companies\",\"url\":\"https:\\\/\\\/www.bmicos.com\\\/ecuador\\\/\",\"logo\":{\"@type\":\"ImageObject\",\"inLanguage\":\"en-US\",\"@id\":\"https:\\\/\\\/www.bmicos.com\\\/ecuador\\\/#\\\/schema\\\/logo\\\/image\\\/\",\"url\":\"https:\\\/\\\/www.bmicos.com\\\/ecuador\\\/wp-content\\\/uploads\\\/sites\\\/9\\\/2020\\\/12\\\/logo-1.png\",\"contentUrl\":\"https:\\\/\\\/www.bmicos.com\\\/ecuador\\\/wp-content\\\/uploads\\\/sites\\\/9\\\/2020\\\/12\\\/logo-1.png\",\"width\":519,\"height\":273,\"caption\":\"BMI Companies\"},\"image\":{\"@id\":\"https:\\\/\\\/www.bmicos.com\\\/ecuador\\\/#\\\/schema\\\/logo\\\/image\\\/\"},\"sameAs\":[\"https:\\\/\\\/www.facebook.com\\\/BMIEcuador\",\"https:\\\/\\\/www.instagram.com\\\/bmi_ec\\\/\",\"https:\\\/\\\/www.linkedin.com\\\/company\\\/bmi-ecuador\",\"https:\\\/\\\/www.youtube.com\\\/c\\\/BMIEcuadorOficial\"]},{\"@type\":\"Person\",\"@id\":\"https:\\\/\\\/www.bmicos.com\\\/ecuador\\\/#\\\/schema\\\/person\\\/cb0375acd56e63ca2d186eb6e90a03bf\",\"name\":\"web\",\"image\":{\"@type\":\"ImageObject\",\"inLanguage\":\"en-US\",\"@id\":\"https:\\\/\\\/secure.gravatar.com\\\/avatar\\\/aa6395adbd28f6305d4963b3cf4f0efb13e667f8737df57a460e4108e926a10d?s=96&d=mm&r=g\",\"url\":\"https:\\\/\\\/secure.gravatar.com\\\/avatar\\\/aa6395adbd28f6305d4963b3cf4f0efb13e667f8737df57a460e4108e926a10d?s=96&d=mm&r=g\",\"contentUrl\":\"https:\\\/\\\/secure.gravatar.com\\\/avatar\\\/aa6395adbd28f6305d4963b3cf4f0efb13e667f8737df57a460e4108e926a10d?s=96&d=mm&r=g\",\"caption\":\"web\"}}]}<\/script>\n<!-- \/ Yoast SEO Premium plugin. -->","yoast_head_json":{"title":"Navegando en la era digital: dispositivos electr\u00f3nicos y la infancia - BMI Ecuador","robots":{"index":"index","follow":"follow","max-snippet":"max-snippet:-1","max-image-preview":"max-image-preview:large","max-video-preview":"max-video-preview:-1"},"canonical":"https:\/\/www.bmicos.com\/ecuador\/en\/blog\/navegando-en-la-era-digital-dispositivos-electronicos-y-la-infancia\/","og_locale":"en_US","og_type":"article","og_title":"Navegando en la era digital: dispositivos electr\u00f3nicos y la infancia","og_description":"En la era digital, los dispositivos electr\u00f3nicos se han integrado en la vida diaria de las personas. Seg\u00fan Kids Health, una enciclopedia web parte de la organizaci\u00f3n Nemours Children\u2019s Health, desde temprana edad los m\u00e1s peque\u00f1os est\u00e1n expuestos a computadoras, tabletas, celulares y televisores. Primicias indica que, en Am\u00e9rica Latina, el 92 % de los [&hellip;]","og_url":"https:\/\/www.bmicos.com\/ecuador\/en\/blog\/navegando-en-la-era-digital-dispositivos-electronicos-y-la-infancia\/","og_site_name":"BMI Ecuador","article_publisher":"https:\/\/www.facebook.com\/BMIEcuador","article_published_time":"2024-03-27T06:01:00+00:00","og_image":[{"width":1185,"height":802,"url":"https:\/\/www.bmicos.com\/ecuador\/wp-content\/uploads\/sites\/9\/2024\/02\/shutterstock_234587068.jpg","type":"image\/jpeg"}],"author":"web","twitter_card":"summary_large_image","twitter_misc":{"Written by":"web","Est. reading time":"6 minutes"},"schema":{"@context":"https:\/\/schema.org","@graph":[{"@type":"Article","@id":"https:\/\/www.bmicos.com\/ecuador\/blog\/navegando-en-la-era-digital-dispositivos-electronicos-y-la-infancia\/#article","isPartOf":{"@id":"https:\/\/www.bmicos.com\/ecuador\/blog\/navegando-en-la-era-digital-dispositivos-electronicos-y-la-infancia\/"},"author":{"name":"web","@id":"https:\/\/www.bmicos.com\/ecuador\/#\/schema\/person\/cb0375acd56e63ca2d186eb6e90a03bf"},"headline":"Navegando en la era digital: dispositivos electr\u00f3nicos y la infancia","datePublished":"2024-03-27T06:01:00+00:00","mainEntityOfPage":{"@id":"https:\/\/www.bmicos.com\/ecuador\/blog\/navegando-en-la-era-digital-dispositivos-electronicos-y-la-infancia\/"},"wordCount":1317,"commentCount":0,"publisher":{"@id":"https:\/\/www.bmicos.com\/ecuador\/#organization"},"image":{"@id":"https:\/\/www.bmicos.com\/ecuador\/blog\/navegando-en-la-era-digital-dispositivos-electronicos-y-la-infancia\/#primaryimage"},"thumbnailUrl":"https:\/\/www.bmicos.com\/ecuador\/wp-content\/uploads\/sites\/9\/2024\/02\/shutterstock_234587068.jpg","articleSection":["Tecnolog\u00eda"],"inLanguage":"en-US","potentialAction":[{"@type":"CommentAction","name":"Comment","target":["https:\/\/www.bmicos.com\/ecuador\/blog\/navegando-en-la-era-digital-dispositivos-electronicos-y-la-infancia\/#respond"]}]},{"@type":"WebPage","@id":"https:\/\/www.bmicos.com\/ecuador\/blog\/navegando-en-la-era-digital-dispositivos-electronicos-y-la-infancia\/","url":"https:\/\/www.bmicos.com\/ecuador\/blog\/navegando-en-la-era-digital-dispositivos-electronicos-y-la-infancia\/","name":"Navegando en la era digital: dispositivos electr\u00f3nicos y la infancia - BMI Ecuador","isPartOf":{"@id":"https:\/\/www.bmicos.com\/ecuador\/#website"},"primaryImageOfPage":{"@id":"https:\/\/www.bmicos.com\/ecuador\/blog\/navegando-en-la-era-digital-dispositivos-electronicos-y-la-infancia\/#primaryimage"},"image":{"@id":"https:\/\/www.bmicos.com\/ecuador\/blog\/navegando-en-la-era-digital-dispositivos-electronicos-y-la-infancia\/#primaryimage"},"thumbnailUrl":"https:\/\/www.bmicos.com\/ecuador\/wp-content\/uploads\/sites\/9\/2024\/02\/shutterstock_234587068.jpg","datePublished":"2024-03-27T06:01:00+00:00","breadcrumb":{"@id":"https:\/\/www.bmicos.com\/ecuador\/blog\/navegando-en-la-era-digital-dispositivos-electronicos-y-la-infancia\/#breadcrumb"},"inLanguage":"en-US","potentialAction":[{"@type":"ReadAction","target":["https:\/\/www.bmicos.com\/ecuador\/blog\/navegando-en-la-era-digital-dispositivos-electronicos-y-la-infancia\/"]}]},{"@type":"ImageObject","inLanguage":"en-US","@id":"https:\/\/www.bmicos.com\/ecuador\/blog\/navegando-en-la-era-digital-dispositivos-electronicos-y-la-infancia\/#primaryimage","url":"https:\/\/www.bmicos.com\/ecuador\/wp-content\/uploads\/sites\/9\/2024\/02\/shutterstock_234587068.jpg","contentUrl":"https:\/\/www.bmicos.com\/ecuador\/wp-content\/uploads\/sites\/9\/2024\/02\/shutterstock_234587068.jpg","width":1185,"height":802},{"@type":"BreadcrumbList","@id":"https:\/\/www.bmicos.com\/ecuador\/blog\/navegando-en-la-era-digital-dispositivos-electronicos-y-la-infancia\/#breadcrumb","itemListElement":[{"@type":"ListItem","position":1,"name":"Inicio","item":"https:\/\/www.bmicos.com\/ecuador\/"},{"@type":"ListItem","position":2,"name":"Navegando en la era digital: dispositivos electr\u00f3nicos y la infancia"}]},{"@type":"WebSite","@id":"https:\/\/www.bmicos.com\/ecuador\/#website","url":"https:\/\/www.bmicos.com\/ecuador\/","name":"BMI Ecuador","description":"Insuring Families Worldwide","publisher":{"@id":"https:\/\/www.bmicos.com\/ecuador\/#organization"},"potentialAction":[{"@type":"SearchAction","target":{"@type":"EntryPoint","urlTemplate":"https:\/\/www.bmicos.com\/ecuador\/?s={search_term_string}"},"query-input":{"@type":"PropertyValueSpecification","valueRequired":true,"valueName":"search_term_string"}}],"inLanguage":"en-US"},{"@type":"Organization","@id":"https:\/\/www.bmicos.com\/ecuador\/#organization","name":"BMI Companies","url":"https:\/\/www.bmicos.com\/ecuador\/","logo":{"@type":"ImageObject","inLanguage":"en-US","@id":"https:\/\/www.bmicos.com\/ecuador\/#\/schema\/logo\/image\/","url":"https:\/\/www.bmicos.com\/ecuador\/wp-content\/uploads\/sites\/9\/2020\/12\/logo-1.png","contentUrl":"https:\/\/www.bmicos.com\/ecuador\/wp-content\/uploads\/sites\/9\/2020\/12\/logo-1.png","width":519,"height":273,"caption":"BMI Companies"},"image":{"@id":"https:\/\/www.bmicos.com\/ecuador\/#\/schema\/logo\/image\/"},"sameAs":["https:\/\/www.facebook.com\/BMIEcuador","https:\/\/www.instagram.com\/bmi_ec\/","https:\/\/www.linkedin.com\/company\/bmi-ecuador","https:\/\/www.youtube.com\/c\/BMIEcuadorOficial"]},{"@type":"Person","@id":"https:\/\/www.bmicos.com\/ecuador\/#\/schema\/person\/cb0375acd56e63ca2d186eb6e90a03bf","name":"Web","image":{"@type":"ImageObject","inLanguage":"en-US","@id":"https:\/\/secure.gravatar.com\/avatar\/aa6395adbd28f6305d4963b3cf4f0efb13e667f8737df57a460e4108e926a10d?s=96&d=mm&r=g","url":"https:\/\/secure.gravatar.com\/avatar\/aa6395adbd28f6305d4963b3cf4f0efb13e667f8737df57a460e4108e926a10d?s=96&d=mm&r=g","contentUrl":"https:\/\/secure.gravatar.com\/avatar\/aa6395adbd28f6305d4963b3cf4f0efb13e667f8737df57a460e4108e926a10d?s=96&d=mm&r=g","caption":"web"}}]}},"_links":{"self":[{"href":"https:\/\/www.bmicos.com\/ecuador\/en\/wp-json\/wp\/v2\/posts\/8922","targetHints":{"allow":["GET"]}}],"collection":[{"href":"https:\/\/www.bmicos.com\/ecuador\/en\/wp-json\/wp\/v2\/posts"}],"about":[{"href":"https:\/\/www.bmicos.com\/ecuador\/en\/wp-json\/wp\/v2\/types\/post"}],"author":[{"embeddable":true,"href":"https:\/\/www.bmicos.com\/ecuador\/en\/wp-json\/wp\/v2\/users\/1"}],"replies":[{"embeddable":true,"href":"https:\/\/www.bmicos.com\/ecuador\/en\/wp-json\/wp\/v2\/comments?post=8922"}],"version-history":[{"count":0,"href":"https:\/\/www.bmicos.com\/ecuador\/en\/wp-json\/wp\/v2\/posts\/8922\/revisions"}],"wp:featuredmedia":[{"embeddable":true,"href":"https:\/\/www.bmicos.com\/ecuador\/en\/wp-json\/wp\/v2\/media\/8924"}],"wp:attachment":[{"href":"https:\/\/www.bmicos.com\/ecuador\/en\/wp-json\/wp\/v2\/media?parent=8922"}],"wp:term":[{"taxonomy":"category","embeddable":true,"href":"https:\/\/www.bmicos.com\/ecuador\/en\/wp-json\/wp\/v2\/categories?post=8922"},{"taxonomy":"post_tag","embeddable":true,"href":"https:\/\/www.bmicos.com\/ecuador\/en\/wp-json\/wp\/v2\/tags?post=8922"}],"curies":[{"name":"wp","href":"https:\/\/api.w.org\/{rel}","templated":true}]}}