{"id":5547,"date":"2021-06-03T11:33:00","date_gmt":"2021-06-03T15:33:00","guid":{"rendered":"https:\/\/www.bmicos.com\/ecuador\/?p=5547"},"modified":"2023-02-13T17:42:55","modified_gmt":"2023-02-13T21:42:55","slug":"como-identificar-la-depresion-en-ninos","status":"publish","type":"post","link":"https:\/\/www.bmicos.com\/ecuador\/blog\/como-identificar-la-depresion-en-ninos\/","title":{"rendered":"\u00bfC\u00d3MO IDENTIFICAR LA DEPRESI\u00d3N EN NI\u00d1OS?"},"content":{"rendered":"\n<p>Los ni\u00f1os y adolescentes son una parte fundamental de la sociedad, quienes son m\u00e1s vulnerables a lo que sucede en su exterior, como problemas familiares, acad\u00e9micos e inclusive maltratos f\u00edsicos. El n\u00famero de adolescentes con depresi\u00f3n va en aumento y se ha vuelto en un problema de salud global, lo cual se puede frenar al tomar consciencia para saber c\u00f3mo identificarlo y evitar que el problema se intensifique.<\/p>\n\n\n\n<p>Esta condici\u00f3n de salud provoca a nivel general en los ni\u00f1os una sensaci\u00f3n de tristeza que dura mucho tiempo y adicional se va perdiendo el inter\u00e9s por actividades que antes se sol\u00eda disfrutar. Hay que notar los s\u00edntomas de esta condici\u00f3n, ya que los mismos son diferentes en cada edad. Por ello, aqu\u00ed te contamos algunos s\u00edntomas y causas que se pueden dar en los ni\u00f1os de acuerdo a su edad.<\/p>\n\n\n\n<p><strong>Ni\u00f1os de 0 a 3 a\u00f1os:<\/strong><br>En este caso, los s\u00edntomas que se pueden notar son el llanto excesivo, \u00falceras o gastritis. Aqu\u00ed puedes darte cuenta que los s\u00edntomas no solo son mentales o emocionales, pueden ser f\u00edsicos tambi\u00e9n. Las causas m\u00e1s frecuentes de depresi\u00f3n en ni\u00f1os de esta edad es por la separaci\u00f3n de sus padres o personas cercanas que les cuidan, maltrato f\u00edsico o alg\u00fan tipo de abuso. Los ni\u00f1os de esta edad son los m\u00e1s vulnerables ya que dependen al 100% de su alrededor para sobrevivir y tener un bienestar general en su estado f\u00edsico y emocional.<\/p>\n\n\n\n<p><strong>Ni\u00f1os 3 a 5 a\u00f1os<\/strong><br>En estos casos, la depresi\u00f3n es menos frecuente pero igual se puede identificar de una manera muy clara si es que est\u00e1 presente. Los s\u00edntomas van desde falta de gozo al jugar hasta p\u00e9rdida del apetito, lo cual se manifiesta por varios d\u00edas. Sus causas son por reacciones desfavorables de personas cercanas, como la desaprobaci\u00f3n de sus padres o el exceso de control. Esto provoca que los ni\u00f1os se sientan muy inseguros e incapaces de ser ellos mismos y sentirse bien con su entorno. Algunos ni\u00f1os pueden empezar a ser m\u00e1s inhibidos que otros y dependientes emocionalmente de sus figuras paternas.<\/p>\n\n\n\n<p><strong>Ni\u00f1os de 6 a 12 a\u00f1os<\/strong><br>Los ni\u00f1os van creciendo y adecu\u00e1ndose a su medio ambiente para sentir que pertenecen, lo cual es una acci\u00f3n natural del ser humano. Cuando los ni\u00f1os de esta edad sufren depresi\u00f3n pueden tener un origen muy variado pero las m\u00e1s frecuentes son por mudanzas, cambios de escuela, muerte de alg\u00fan familiar, notas bajas, rechazo en el colegio o falta de aprobaci\u00f3n por sus familiares. Lo que pueden sentir es la desvalorizaci\u00f3n de s\u00ed mismos, o sea sentir que no son importantes ni v\u00e1lidos para los dem\u00e1s. Su autoestima es muy baja y empiezan a bajar su niveles de tolerancia hacia el resto. Adicionalmente, tambi\u00e9n tienden a tener mayor irritabilidad y una falta de inter\u00e9s por ver a m\u00e1s personas.<\/p>\n\n\n\n<p>La depresi\u00f3n puede tratarse, pero primero debe ser identificada por sus seres m\u00e1s cercanos para hacer algo al respecto. Los ni\u00f1os dependen de los adultos para mejorar, aprender y crecer, por ello es fundamental mantener una comunicaci\u00f3n de confianza con ellos para que puedan abrirse y contar por lo que est\u00e1n pasando. En este proceso de comunicaci\u00f3n empieza a identificar sus fortalezas de una manera muy aut\u00e9ntica y natural, esto quiere decir que puedes empezar a decirle que es muy bueno en tal materia del colegio o que es capaz de pintar un cuadro hermoso.<\/p>\n\n\n\n<p>Dale retroalimentaci\u00f3n positiva para elevar su autoestima y hazle sentir que su voz es importante. Los ni\u00f1os y adolescentes son vitales en nuestra sociedad, por ello empieza a fomentar una relaci\u00f3n de amor con ellos para que crezcan siendo seres humanos conscientes, conectados con sus emociones positivas y sobre todo saludables.<\/p>\n","protected":false},"excerpt":{"rendered":"<p>Los ni\u00f1os y adolescentes son una parte fundamental de la sociedad, quienes son m\u00e1s vulnerables a lo que sucede en su exterior, como problemas familiares, acad\u00e9micos e inclusive maltratos f\u00edsicos. El n\u00famero de adolescentes con depresi\u00f3n va en aumento y se ha vuelto en un problema de salud global, lo cual se puede frenar al [&hellip;]<\/p>\n","protected":false},"author":1,"featured_media":5549,"comment_status":"open","ping_status":"open","sticky":false,"template":"","format":"standard","meta":{"_acf_changed":false,"content-type":"","footnotes":""},"categories":[542],"tags":[],"class_list":["post-5547","post","type-post","status-publish","format-standard","has-post-thumbnail","hentry","category-salud-mental"],"acf":[],"yoast_head":"<!-- This site is optimized with the Yoast SEO Premium plugin v20.7 (Yoast SEO v27.4) - https:\/\/yoast.com\/product\/yoast-seo-premium-wordpress\/ -->\n<title>\u00bfC\u00d3MO IDENTIFICAR LA DEPRESI\u00d3N EN NI\u00d1OS? - BMI Ecuador<\/title>\n<meta name=\"description\" content=\"Los ni\u00f1os y adolescentes son una parte fundamental de la sociedad, quienes son m\u00e1s vulnerables a lo que sucede en su exterior\" \/>\n<meta name=\"robots\" content=\"index, follow, max-snippet:-1, max-image-preview:large, max-video-preview:-1\" \/>\n<link rel=\"canonical\" href=\"https:\/\/www.bmicos.com\/ecuador\/blog\/como-identificar-la-depresion-en-ninos\/\" \/>\n<meta property=\"og:locale\" content=\"es_ES\" \/>\n<meta property=\"og:type\" content=\"article\" \/>\n<meta property=\"og:title\" content=\"\u00bfC\u00d3MO IDENTIFICAR LA DEPRESI\u00d3N EN NI\u00d1OS?\" \/>\n<meta property=\"og:description\" content=\"Los ni\u00f1os y adolescentes son una parte fundamental de la sociedad, quienes son m\u00e1s vulnerables a lo que sucede en su exterior\" \/>\n<meta property=\"og:url\" content=\"https:\/\/www.bmicos.com\/ecuador\/blog\/como-identificar-la-depresion-en-ninos\/\" \/>\n<meta property=\"og:site_name\" content=\"BMI Ecuador\" \/>\n<meta property=\"article:publisher\" content=\"https:\/\/www.facebook.com\/BMIEcuador\" \/>\n<meta property=\"article:published_time\" content=\"2021-06-03T15:33:00+00:00\" \/>\n<meta property=\"article:modified_time\" content=\"2023-02-13T21:42:55+00:00\" \/>\n<meta property=\"og:image\" content=\"https:\/\/www.bmicos.com\/ecuador\/wp-content\/uploads\/sites\/9\/2021\/12\/depresion-ninos.jpg\" \/>\n\t<meta property=\"og:image:width\" content=\"750\" \/>\n\t<meta property=\"og:image:height\" content=\"465\" \/>\n\t<meta property=\"og:image:type\" content=\"image\/jpeg\" \/>\n<meta name=\"author\" content=\"web\" \/>\n<meta name=\"twitter:card\" content=\"summary_large_image\" \/>\n<meta name=\"twitter:label1\" content=\"Escrito por\" \/>\n\t<meta name=\"twitter:data1\" content=\"web\" \/>\n\t<meta name=\"twitter:label2\" content=\"Tiempo de lectura\" \/>\n\t<meta name=\"twitter:data2\" content=\"3 minutos\" \/>\n<script type=\"application\/ld+json\" class=\"yoast-schema-graph\">{\"@context\":\"https:\\\/\\\/schema.org\",\"@graph\":[{\"@type\":\"Article\",\"@id\":\"https:\\\/\\\/www.bmicos.com\\\/ecuador\\\/blog\\\/como-identificar-la-depresion-en-ninos\\\/#article\",\"isPartOf\":{\"@id\":\"https:\\\/\\\/www.bmicos.com\\\/ecuador\\\/blog\\\/como-identificar-la-depresion-en-ninos\\\/\"},\"author\":{\"name\":\"web\",\"@id\":\"https:\\\/\\\/www.bmicos.com\\\/ecuador\\\/#\\\/schema\\\/person\\\/cb0375acd56e63ca2d186eb6e90a03bf\"},\"headline\":\"\u00bfC\u00d3MO IDENTIFICAR LA DEPRESI\u00d3N EN NI\u00d1OS?\",\"datePublished\":\"2021-06-03T15:33:00+00:00\",\"dateModified\":\"2023-02-13T21:42:55+00:00\",\"mainEntityOfPage\":{\"@id\":\"https:\\\/\\\/www.bmicos.com\\\/ecuador\\\/blog\\\/como-identificar-la-depresion-en-ninos\\\/\"},\"wordCount\":685,\"commentCount\":0,\"publisher\":{\"@id\":\"https:\\\/\\\/www.bmicos.com\\\/ecuador\\\/#organization\"},\"image\":{\"@id\":\"https:\\\/\\\/www.bmicos.com\\\/ecuador\\\/blog\\\/como-identificar-la-depresion-en-ninos\\\/#primaryimage\"},\"thumbnailUrl\":\"https:\\\/\\\/www.bmicos.com\\\/ecuador\\\/wp-content\\\/uploads\\\/sites\\\/9\\\/2021\\\/12\\\/depresion-ninos.jpg\",\"articleSection\":[\"Salud mental\"],\"inLanguage\":\"es\",\"potentialAction\":[{\"@type\":\"CommentAction\",\"name\":\"Comment\",\"target\":[\"https:\\\/\\\/www.bmicos.com\\\/ecuador\\\/blog\\\/como-identificar-la-depresion-en-ninos\\\/#respond\"]}]},{\"@type\":\"WebPage\",\"@id\":\"https:\\\/\\\/www.bmicos.com\\\/ecuador\\\/blog\\\/como-identificar-la-depresion-en-ninos\\\/\",\"url\":\"https:\\\/\\\/www.bmicos.com\\\/ecuador\\\/blog\\\/como-identificar-la-depresion-en-ninos\\\/\",\"name\":\"\u00bfC\u00d3MO IDENTIFICAR LA DEPRESI\u00d3N EN NI\u00d1OS? - BMI Ecuador\",\"isPartOf\":{\"@id\":\"https:\\\/\\\/www.bmicos.com\\\/ecuador\\\/#website\"},\"primaryImageOfPage\":{\"@id\":\"https:\\\/\\\/www.bmicos.com\\\/ecuador\\\/blog\\\/como-identificar-la-depresion-en-ninos\\\/#primaryimage\"},\"image\":{\"@id\":\"https:\\\/\\\/www.bmicos.com\\\/ecuador\\\/blog\\\/como-identificar-la-depresion-en-ninos\\\/#primaryimage\"},\"thumbnailUrl\":\"https:\\\/\\\/www.bmicos.com\\\/ecuador\\\/wp-content\\\/uploads\\\/sites\\\/9\\\/2021\\\/12\\\/depresion-ninos.jpg\",\"datePublished\":\"2021-06-03T15:33:00+00:00\",\"dateModified\":\"2023-02-13T21:42:55+00:00\",\"description\":\"Los ni\u00f1os y adolescentes son una parte fundamental de la sociedad, quienes son m\u00e1s vulnerables a lo que sucede en su exterior\",\"breadcrumb\":{\"@id\":\"https:\\\/\\\/www.bmicos.com\\\/ecuador\\\/blog\\\/como-identificar-la-depresion-en-ninos\\\/#breadcrumb\"},\"inLanguage\":\"es\",\"potentialAction\":[{\"@type\":\"ReadAction\",\"target\":[\"https:\\\/\\\/www.bmicos.com\\\/ecuador\\\/blog\\\/como-identificar-la-depresion-en-ninos\\\/\"]}]},{\"@type\":\"ImageObject\",\"inLanguage\":\"es\",\"@id\":\"https:\\\/\\\/www.bmicos.com\\\/ecuador\\\/blog\\\/como-identificar-la-depresion-en-ninos\\\/#primaryimage\",\"url\":\"https:\\\/\\\/www.bmicos.com\\\/ecuador\\\/wp-content\\\/uploads\\\/sites\\\/9\\\/2021\\\/12\\\/depresion-ninos.jpg\",\"contentUrl\":\"https:\\\/\\\/www.bmicos.com\\\/ecuador\\\/wp-content\\\/uploads\\\/sites\\\/9\\\/2021\\\/12\\\/depresion-ninos.jpg\",\"width\":750,\"height\":465},{\"@type\":\"BreadcrumbList\",\"@id\":\"https:\\\/\\\/www.bmicos.com\\\/ecuador\\\/blog\\\/como-identificar-la-depresion-en-ninos\\\/#breadcrumb\",\"itemListElement\":[{\"@type\":\"ListItem\",\"position\":1,\"name\":\"Inicio\",\"item\":\"https:\\\/\\\/www.bmicos.com\\\/ecuador\\\/\"},{\"@type\":\"ListItem\",\"position\":2,\"name\":\"\u00bfC\u00d3MO IDENTIFICAR LA DEPRESI\u00d3N EN NI\u00d1OS?\"}]},{\"@type\":\"WebSite\",\"@id\":\"https:\\\/\\\/www.bmicos.com\\\/ecuador\\\/#website\",\"url\":\"https:\\\/\\\/www.bmicos.com\\\/ecuador\\\/\",\"name\":\"BMI Ecuador\",\"description\":\"Asegurando familias en todo el mundo\",\"publisher\":{\"@id\":\"https:\\\/\\\/www.bmicos.com\\\/ecuador\\\/#organization\"},\"potentialAction\":[{\"@type\":\"SearchAction\",\"target\":{\"@type\":\"EntryPoint\",\"urlTemplate\":\"https:\\\/\\\/www.bmicos.com\\\/ecuador\\\/?s={search_term_string}\"},\"query-input\":{\"@type\":\"PropertyValueSpecification\",\"valueRequired\":true,\"valueName\":\"search_term_string\"}}],\"inLanguage\":\"es\"},{\"@type\":\"Organization\",\"@id\":\"https:\\\/\\\/www.bmicos.com\\\/ecuador\\\/#organization\",\"name\":\"BMI Companies\",\"url\":\"https:\\\/\\\/www.bmicos.com\\\/ecuador\\\/\",\"logo\":{\"@type\":\"ImageObject\",\"inLanguage\":\"es\",\"@id\":\"https:\\\/\\\/www.bmicos.com\\\/ecuador\\\/#\\\/schema\\\/logo\\\/image\\\/\",\"url\":\"https:\\\/\\\/www.bmicos.com\\\/ecuador\\\/wp-content\\\/uploads\\\/sites\\\/9\\\/2020\\\/12\\\/logo-1.png\",\"contentUrl\":\"https:\\\/\\\/www.bmicos.com\\\/ecuador\\\/wp-content\\\/uploads\\\/sites\\\/9\\\/2020\\\/12\\\/logo-1.png\",\"width\":519,\"height\":273,\"caption\":\"BMI Companies\"},\"image\":{\"@id\":\"https:\\\/\\\/www.bmicos.com\\\/ecuador\\\/#\\\/schema\\\/logo\\\/image\\\/\"},\"sameAs\":[\"https:\\\/\\\/www.facebook.com\\\/BMIEcuador\",\"https:\\\/\\\/www.instagram.com\\\/bmi_ec\\\/\",\"https:\\\/\\\/www.linkedin.com\\\/company\\\/bmi-ecuador\",\"https:\\\/\\\/www.youtube.com\\\/c\\\/BMIEcuadorOficial\"]},{\"@type\":\"Person\",\"@id\":\"https:\\\/\\\/www.bmicos.com\\\/ecuador\\\/#\\\/schema\\\/person\\\/cb0375acd56e63ca2d186eb6e90a03bf\",\"name\":\"web\",\"image\":{\"@type\":\"ImageObject\",\"inLanguage\":\"es\",\"@id\":\"https:\\\/\\\/secure.gravatar.com\\\/avatar\\\/aa6395adbd28f6305d4963b3cf4f0efb13e667f8737df57a460e4108e926a10d?s=96&d=mm&r=g\",\"url\":\"https:\\\/\\\/secure.gravatar.com\\\/avatar\\\/aa6395adbd28f6305d4963b3cf4f0efb13e667f8737df57a460e4108e926a10d?s=96&d=mm&r=g\",\"contentUrl\":\"https:\\\/\\\/secure.gravatar.com\\\/avatar\\\/aa6395adbd28f6305d4963b3cf4f0efb13e667f8737df57a460e4108e926a10d?s=96&d=mm&r=g\",\"caption\":\"web\"}}]}<\/script>\n<!-- \/ Yoast SEO Premium plugin. -->","yoast_head_json":{"title":"\u00bfC\u00d3MO IDENTIFICAR LA DEPRESI\u00d3N EN NI\u00d1OS? - BMI Ecuador","description":"Los ni\u00f1os y adolescentes son una parte fundamental de la sociedad, quienes son m\u00e1s vulnerables a lo que sucede en su exterior","robots":{"index":"index","follow":"follow","max-snippet":"max-snippet:-1","max-image-preview":"max-image-preview:large","max-video-preview":"max-video-preview:-1"},"canonical":"https:\/\/www.bmicos.com\/ecuador\/blog\/como-identificar-la-depresion-en-ninos\/","og_locale":"es_ES","og_type":"article","og_title":"\u00bfC\u00d3MO IDENTIFICAR LA DEPRESI\u00d3N EN NI\u00d1OS?","og_description":"Los ni\u00f1os y adolescentes son una parte fundamental de la sociedad, quienes son m\u00e1s vulnerables a lo que sucede en su exterior","og_url":"https:\/\/www.bmicos.com\/ecuador\/blog\/como-identificar-la-depresion-en-ninos\/","og_site_name":"BMI Ecuador","article_publisher":"https:\/\/www.facebook.com\/BMIEcuador","article_published_time":"2021-06-03T15:33:00+00:00","article_modified_time":"2023-02-13T21:42:55+00:00","og_image":[{"width":750,"height":465,"url":"https:\/\/www.bmicos.com\/ecuador\/wp-content\/uploads\/sites\/9\/2021\/12\/depresion-ninos.jpg","type":"image\/jpeg"}],"author":"web","twitter_card":"summary_large_image","twitter_misc":{"Escrito por":"web","Tiempo de lectura":"3 minutos"},"schema":{"@context":"https:\/\/schema.org","@graph":[{"@type":"Article","@id":"https:\/\/www.bmicos.com\/ecuador\/blog\/como-identificar-la-depresion-en-ninos\/#article","isPartOf":{"@id":"https:\/\/www.bmicos.com\/ecuador\/blog\/como-identificar-la-depresion-en-ninos\/"},"author":{"name":"web","@id":"https:\/\/www.bmicos.com\/ecuador\/#\/schema\/person\/cb0375acd56e63ca2d186eb6e90a03bf"},"headline":"\u00bfC\u00d3MO IDENTIFICAR LA DEPRESI\u00d3N EN NI\u00d1OS?","datePublished":"2021-06-03T15:33:00+00:00","dateModified":"2023-02-13T21:42:55+00:00","mainEntityOfPage":{"@id":"https:\/\/www.bmicos.com\/ecuador\/blog\/como-identificar-la-depresion-en-ninos\/"},"wordCount":685,"commentCount":0,"publisher":{"@id":"https:\/\/www.bmicos.com\/ecuador\/#organization"},"image":{"@id":"https:\/\/www.bmicos.com\/ecuador\/blog\/como-identificar-la-depresion-en-ninos\/#primaryimage"},"thumbnailUrl":"https:\/\/www.bmicos.com\/ecuador\/wp-content\/uploads\/sites\/9\/2021\/12\/depresion-ninos.jpg","articleSection":["Salud mental"],"inLanguage":"es","potentialAction":[{"@type":"CommentAction","name":"Comment","target":["https:\/\/www.bmicos.com\/ecuador\/blog\/como-identificar-la-depresion-en-ninos\/#respond"]}]},{"@type":"WebPage","@id":"https:\/\/www.bmicos.com\/ecuador\/blog\/como-identificar-la-depresion-en-ninos\/","url":"https:\/\/www.bmicos.com\/ecuador\/blog\/como-identificar-la-depresion-en-ninos\/","name":"\u00bfC\u00d3MO IDENTIFICAR LA DEPRESI\u00d3N EN NI\u00d1OS? - BMI Ecuador","isPartOf":{"@id":"https:\/\/www.bmicos.com\/ecuador\/#website"},"primaryImageOfPage":{"@id":"https:\/\/www.bmicos.com\/ecuador\/blog\/como-identificar-la-depresion-en-ninos\/#primaryimage"},"image":{"@id":"https:\/\/www.bmicos.com\/ecuador\/blog\/como-identificar-la-depresion-en-ninos\/#primaryimage"},"thumbnailUrl":"https:\/\/www.bmicos.com\/ecuador\/wp-content\/uploads\/sites\/9\/2021\/12\/depresion-ninos.jpg","datePublished":"2021-06-03T15:33:00+00:00","dateModified":"2023-02-13T21:42:55+00:00","description":"Los ni\u00f1os y adolescentes son una parte fundamental de la sociedad, quienes son m\u00e1s vulnerables a lo que sucede en su exterior","breadcrumb":{"@id":"https:\/\/www.bmicos.com\/ecuador\/blog\/como-identificar-la-depresion-en-ninos\/#breadcrumb"},"inLanguage":"es","potentialAction":[{"@type":"ReadAction","target":["https:\/\/www.bmicos.com\/ecuador\/blog\/como-identificar-la-depresion-en-ninos\/"]}]},{"@type":"ImageObject","inLanguage":"es","@id":"https:\/\/www.bmicos.com\/ecuador\/blog\/como-identificar-la-depresion-en-ninos\/#primaryimage","url":"https:\/\/www.bmicos.com\/ecuador\/wp-content\/uploads\/sites\/9\/2021\/12\/depresion-ninos.jpg","contentUrl":"https:\/\/www.bmicos.com\/ecuador\/wp-content\/uploads\/sites\/9\/2021\/12\/depresion-ninos.jpg","width":750,"height":465},{"@type":"BreadcrumbList","@id":"https:\/\/www.bmicos.com\/ecuador\/blog\/como-identificar-la-depresion-en-ninos\/#breadcrumb","itemListElement":[{"@type":"ListItem","position":1,"name":"Inicio","item":"https:\/\/www.bmicos.com\/ecuador\/"},{"@type":"ListItem","position":2,"name":"\u00bfC\u00d3MO IDENTIFICAR LA DEPRESI\u00d3N EN NI\u00d1OS?"}]},{"@type":"WebSite","@id":"https:\/\/www.bmicos.com\/ecuador\/#website","url":"https:\/\/www.bmicos.com\/ecuador\/","name":"BMI Ecuador","description":"Asegurando familias en todo el mundo","publisher":{"@id":"https:\/\/www.bmicos.com\/ecuador\/#organization"},"potentialAction":[{"@type":"SearchAction","target":{"@type":"EntryPoint","urlTemplate":"https:\/\/www.bmicos.com\/ecuador\/?s={search_term_string}"},"query-input":{"@type":"PropertyValueSpecification","valueRequired":true,"valueName":"search_term_string"}}],"inLanguage":"es"},{"@type":"Organization","@id":"https:\/\/www.bmicos.com\/ecuador\/#organization","name":"BMI Companies","url":"https:\/\/www.bmicos.com\/ecuador\/","logo":{"@type":"ImageObject","inLanguage":"es","@id":"https:\/\/www.bmicos.com\/ecuador\/#\/schema\/logo\/image\/","url":"https:\/\/www.bmicos.com\/ecuador\/wp-content\/uploads\/sites\/9\/2020\/12\/logo-1.png","contentUrl":"https:\/\/www.bmicos.com\/ecuador\/wp-content\/uploads\/sites\/9\/2020\/12\/logo-1.png","width":519,"height":273,"caption":"BMI Companies"},"image":{"@id":"https:\/\/www.bmicos.com\/ecuador\/#\/schema\/logo\/image\/"},"sameAs":["https:\/\/www.facebook.com\/BMIEcuador","https:\/\/www.instagram.com\/bmi_ec\/","https:\/\/www.linkedin.com\/company\/bmi-ecuador","https:\/\/www.youtube.com\/c\/BMIEcuadorOficial"]},{"@type":"Person","@id":"https:\/\/www.bmicos.com\/ecuador\/#\/schema\/person\/cb0375acd56e63ca2d186eb6e90a03bf","name":"web","image":{"@type":"ImageObject","inLanguage":"es","@id":"https:\/\/secure.gravatar.com\/avatar\/aa6395adbd28f6305d4963b3cf4f0efb13e667f8737df57a460e4108e926a10d?s=96&d=mm&r=g","url":"https:\/\/secure.gravatar.com\/avatar\/aa6395adbd28f6305d4963b3cf4f0efb13e667f8737df57a460e4108e926a10d?s=96&d=mm&r=g","contentUrl":"https:\/\/secure.gravatar.com\/avatar\/aa6395adbd28f6305d4963b3cf4f0efb13e667f8737df57a460e4108e926a10d?s=96&d=mm&r=g","caption":"web"}}]}},"_links":{"self":[{"href":"https:\/\/www.bmicos.com\/ecuador\/wp-json\/wp\/v2\/posts\/5547","targetHints":{"allow":["GET"]}}],"collection":[{"href":"https:\/\/www.bmicos.com\/ecuador\/wp-json\/wp\/v2\/posts"}],"about":[{"href":"https:\/\/www.bmicos.com\/ecuador\/wp-json\/wp\/v2\/types\/post"}],"author":[{"embeddable":true,"href":"https:\/\/www.bmicos.com\/ecuador\/wp-json\/wp\/v2\/users\/1"}],"replies":[{"embeddable":true,"href":"https:\/\/www.bmicos.com\/ecuador\/wp-json\/wp\/v2\/comments?post=5547"}],"version-history":[{"count":0,"href":"https:\/\/www.bmicos.com\/ecuador\/wp-json\/wp\/v2\/posts\/5547\/revisions"}],"wp:featuredmedia":[{"embeddable":true,"href":"https:\/\/www.bmicos.com\/ecuador\/wp-json\/wp\/v2\/media\/5549"}],"wp:attachment":[{"href":"https:\/\/www.bmicos.com\/ecuador\/wp-json\/wp\/v2\/media?parent=5547"}],"wp:term":[{"taxonomy":"category","embeddable":true,"href":"https:\/\/www.bmicos.com\/ecuador\/wp-json\/wp\/v2\/categories?post=5547"},{"taxonomy":"post_tag","embeddable":true,"href":"https:\/\/www.bmicos.com\/ecuador\/wp-json\/wp\/v2\/tags?post=5547"}],"curies":[{"name":"wp","href":"https:\/\/api.w.org\/{rel}","templated":true}]}}