{"id":9033,"date":"2024-06-13T11:38:30","date_gmt":"2024-06-13T16:38:30","guid":{"rendered":"https:\/\/www.bmicos.com\/ecuador\/?p=9033"},"modified":"2024-06-13T11:38:35","modified_gmt":"2024-06-13T16:38:35","slug":"un-futuro-mas-verde-es-posible-hablemos-de-la-sostenibilidad","status":"publish","type":"post","link":"https:\/\/www.bmicos.com\/ecuador\/blog\/un-futuro-mas-verde-es-posible-hablemos-de-la-sostenibilidad\/","title":{"rendered":"Un futuro m\u00e1s verde es posible: hablemos de la sostenibilidad\u00a0"},"content":{"rendered":"\n<p>Hay cifras alarmantes sobre la contaminaci\u00f3n. Seg\u00fan National Geographic, el 99 % de la poblaci\u00f3n mundial respira niveles insalubres de part\u00edculas finas de di\u00f3xido de nitr\u00f3geno; esto ocasionado por la contaminaci\u00f3n atmosf\u00e9rica. Adem\u00e1s, la Organizaci\u00f3n Meteorol\u00f3gica Mundial indica que los \u00faltimos seis a\u00f1os desde 2016 hasta 2022 han sido los m\u00e1s c\u00e1lidos registrados desde 1880, esto debido al calentamiento global. Tambi\u00e9n, el diario El Mundo comenta que en 2050 existir\u00e1 un incremento de recursos h\u00eddricos del 50 %, lo que puede ocasionar probablemente que el 40 % de la poblaci\u00f3n sufra de escasez de agua. Las pr\u00e1cticas negativas con el planeta como: la quema de combustibles f\u00f3siles, la extracci\u00f3n de petr\u00f3leo\/ gas, el inadecuado manejo de residuos, y la contaminaci\u00f3n de oc\u00e9anos generan graves consecuencias en el planeta, por eso es importante la sostenibilidad. A continuaci\u00f3n, presentamos m\u00e1s sobre la sostenibilidad, sus tipos, importancia, el reconocimiento de Empresa de Triple Impacto de Ekos que recibimos en el 2020 y el nuevo proyecto de reciclaje que se maneja en BMI.&nbsp;<\/p>\n\n\n\n<p><strong>Hablemos de la sostenibilidad y empresas sostenibles&nbsp;<\/strong>&nbsp;<\/p>\n\n\n\n<p>La sostenibilidad es un t\u00e9rmino que, de acuerdo con BBVA, implica asegurar las necesidades del presente sin comprometer las necesidades de las generaciones futuras, protegiendo al medio ambiente, teniendo un equilibrio entre el desarrollo econ\u00f3mico y social. En Ecuador, las empresas reconocen la importancia de la sostenibilidad, por eso durante el 2023, existi\u00f3 un reconocimiento de la consultora YPSILOM para seleccionar a las 30 empresas m\u00e1s sostenibles, demostrando que los cambios positivos est\u00e1n sucediendo en nuestro pa\u00eds, los cuales nos encaminan a un futuro mejor.&nbsp;&nbsp;<\/p>\n\n\n\n<p><strong>\u00bfQu\u00e9 tipos de sostenibilidad existen?<\/strong>&nbsp;<\/p>\n\n\n\n<p>BBVA indica que existen tres tipos de sostenibilidad:&nbsp;<\/p>\n\n\n\n<ol class=\"wp-block-list\" start=\"1\">\n<li><strong>Sostenibilidad ambiental:<\/strong> Implica la gesti\u00f3n eficiente de los recursos naturales para permitir su preservaci\u00f3n.\u00a0<\/li>\n<\/ol>\n\n\n\n<ol class=\"wp-block-list\" start=\"2\">\n<li><strong>Sostenibilidad econ\u00f3mica:<\/strong> Ocurre cuando una poblaci\u00f3n es capaz de administrar sus recursos de forma responsable, sin afectar al medio ambiente o la sociedad.\u00a0<\/li>\n<\/ol>\n\n\n\n<ol class=\"wp-block-list\" start=\"3\">\n<li><strong>Sostenibilidad social: <\/strong>Su objetivo es fortalecer la relaci\u00f3n entre los individuos, para que sean inclusivos, se empoderen y crezcan econ\u00f3micamente.\u00a0<\/li>\n<\/ol>\n\n\n\n<figure class=\"wp-block-image size-large\"><img loading=\"lazy\" decoding=\"async\" width=\"1024\" height=\"1024\" src=\"https:\/\/www.bmicos.com\/ecuador\/wp-content\/uploads\/sites\/9\/2024\/06\/shutterstock_1384178999-1024x1024.jpg\" alt=\"\" class=\"wp-image-9036\" srcset=\"https:\/\/www.bmicos.com\/ecuador\/wp-content\/uploads\/sites\/9\/2024\/06\/shutterstock_1384178999-1024x1024.jpg 1024w, https:\/\/www.bmicos.com\/ecuador\/wp-content\/uploads\/sites\/9\/2024\/06\/shutterstock_1384178999-300x300.jpg 300w, https:\/\/www.bmicos.com\/ecuador\/wp-content\/uploads\/sites\/9\/2024\/06\/shutterstock_1384178999-150x150.jpg 150w, https:\/\/www.bmicos.com\/ecuador\/wp-content\/uploads\/sites\/9\/2024\/06\/shutterstock_1384178999-768x768.jpg 768w, https:\/\/www.bmicos.com\/ecuador\/wp-content\/uploads\/sites\/9\/2024\/06\/shutterstock_1384178999-100x100.jpg 100w\" sizes=\"auto, (max-width: 1024px) 100vw, 1024px\" \/><\/figure>\n\n\n\n<p><strong>\u00bfPor qu\u00e9 es importante la sostenibilidad?<\/strong>&nbsp;<\/p>\n\n\n\n<p>Seg\u00fan Sigma Earth, la sostenibilidad es fundamental debido a distintos factores como:\u00a0<\/p>\n\n\n\n<ol class=\"wp-block-list\" start=\"1\">\n<li><strong>Preservar el medio ambiente<\/strong>\u00a0<\/li>\n<\/ol>\n\n\n\n<p>Actualmente, el planeta enfrenta graves problem\u00e1ticas como se mencion\u00f3 anteriormente. Con la sostenibilidad es posible tener una gesti\u00f3n responsable de los recursos para as\u00ed preservar la flora y fauna para las generaciones del presente y del futuro.\u00a0<\/p>\n\n\n\n<ol class=\"wp-block-list\" start=\"2\">\n<li><strong>Fomentar la equidad social y la justicia<\/strong>\u00a0<\/li>\n<\/ol>\n\n\n\n<p>La sostenibilidad no solo se basa en lo ambiental. De hecho, trasciende al \u00e1mbito social, porque puede contribuir a: disminuir brechas de acceso a recursos naturales (acceso al agua, a la energ\u00eda, recursos minerales), al igual que de los recursos m\u00e9dicos, que hace referencia a las diferencias significativas en la disponibilidad y calidad de la atenci\u00f3n m\u00e9dica, incentivar la equidad de g\u00e9nero, promover pr\u00e1cticas laborales justas, e impulsar el cumplimiento de los derechos de los trabajadores.\u00a0<\/p>\n\n\n\n<ol class=\"wp-block-list\" start=\"3\">\n<li><strong>Favorece el bienestar de las personas<\/strong>\u00a0<\/li>\n<\/ol>\n\n\n\n<p>La Organizaci\u00f3n de las Naciones Unidas comunica que las personas saludables son la base de las econom\u00edas sanas. La sostenibilidad tambi\u00e9n tiene el objetivo de resolver los desaf\u00edos en la salud, facilitar el acceso m\u00e9dico a todas las personas, disponer de servicios de salud reproductiva, materna, adolescente e infantil y proteger a las poblaciones vulnerables.\u00a0<\/p>\n\n\n\n<p><strong>Proyecto de reciclaje de BMI\u00a0Ecuador<\/strong><\/p>\n\n\n\n<figure class=\"wp-block-image size-large\"><img loading=\"lazy\" decoding=\"async\" width=\"1024\" height=\"960\" src=\"https:\/\/www.bmicos.com\/ecuador\/wp-content\/uploads\/sites\/9\/2024\/06\/Campana-reciclaje-1024x960.jpeg\" alt=\"\" class=\"wp-image-9034\" \/><\/figure>\n\n\n\n<p>El reciclaje es uno de los pilares de la econom\u00eda circular y el desarrollo sostenible. Al reciclar se reduce la cantidad de desechos que terminan en los vertederos, conserva los recursos, disminuye las emisiones de gases de efecto invernadero y m\u00e1s, seg\u00fan Ekos.\u00a0<\/p>\n\n\n\n<p>BMI, al ser una empresa responsable y comprometida con la sostenibilidad, tiene un proyecto de reciclaje que contribuye a la sociedad, al ahorrar los recursos. Una iniciativa que aplica las tres \u201cr\u201d, reciclar, reusar, reutilizar para tener una adecuada gesti\u00f3n de los desechos. Adem\u00e1s, esta propuesta brinda apoyo a organizaciones sociales que cuidan de la salud de quienes lo necesitan.&nbsp;&nbsp;<\/p>\n\n\n\n<p>El proyecto tuvo sus ra\u00edces durante el 2020, una \u00e9poca de pandemia en la que BMI empez\u00f3 con un proceso de transformaci\u00f3n digital para disminuir el consumo de los recursos organizacionales. As\u00ed se logr\u00f3 tener un menor consumo energ\u00e9tico y reducir el uso de materiales impresos. Ekos reconoci\u00f3 esta propuesta y nos reconoci\u00f3 como una Empresa de Triple Impacto durante este mismo a\u00f1o, e indic\u00f3:<strong> \u201c<\/strong>BMI en los \u00faltimos a\u00f1os ha liderado la iniciativa de integrar nuevas tecnolog\u00edas y de fomentar un cambio cultural global en su equipo humano, en pro de optimizar sus procesos de trabajo y el rendimiento laboral de todas sus audiencias\u201d.&nbsp; Un reconocimiento que nos impuls\u00f3 a seguir trabajando en favor del ambiente.&nbsp;<\/p>\n\n\n\n<p>M\u00e1s tarde en 2022, BMI decide iniciar con su carrera BMI Run4Health, una carrera que impulsa el bienestar al fomentar el deporte y que tiene una causa social porque apoya a organizaciones que cuidan de la salud de quienes m\u00e1s lo necesitan.&nbsp;<\/p>\n\n\n\n<p>La iniciativa contin\u00faa en el 2023, con una causa social, se recolectaron tapas pl\u00e1sticas, para en su lugar entregar suplementos alimenticios a los ni\u00f1os, ni\u00f1as y adolescentes que padecen c\u00e1ncer de la Fundaci\u00f3n Ser Feliz. Si quieres conocer m\u00e1s de este tema visita el siguiente enlace: <a href=\"https:\/\/www.bmicos.com\/ecuador\/blog\/bmi-en-busca-de-un-mundo-mas-sostenible\/\" target=\"_blank\" rel=\"noreferrer noopener\">https:\/\/www.bmicos.com\/ecuador\/blog\/bmi-en-busca-de-un-mundo-mas-sostenible\/<\/a>&nbsp;<\/p>\n\n\n\n<p>Durante mayo de 2024, arranc\u00f3 su proyecto enfocado en la sostenibilidad ambiental y social, llamado \u201cYo Reciclo\u201d, una iniciativa que apoya a la Fundaci\u00f3n Hermano Miguel, ubicada en Quito, una organizaci\u00f3n que cuida de pacientes que tienen alg\u00fan tipo de discapacidad. BMI le entrega productos reciclables para que los puedan vender y as\u00ed obtengan recursos econ\u00f3micos, los cuales tendr\u00e1n el fin de aportar a personas con discapacidad para brindarles terapias f\u00edsicas o de lenguaje y entregarles pr\u00f3tesis. Adem\u00e1s, se realizaron capacitaciones sobre reciclaje para los colaboradores de BMI, para motivarlos a ser parte de este ambicioso proyecto y as\u00ed concientizarlos.\u00a0\u00a0\u00a0<\/p>\n\n\n\n<p>En conclusi\u00f3n, la sostenibilidad es una herramienta importante para conservar el medio ambiente. Adem\u00e1s, sirve para promover pr\u00e1cticas sociales justas y equitativas. Las alarmantes cifras sobre la situaci\u00f3n actual y pr\u00f3xima del planeta deben ser una llamada para practicar h\u00e1bitos m\u00e1s responsables y conscientes. El proyecto de reciclaje de BMI es un ejemplo de c\u00f3mo contribuir a esta causa, reduciendo desechos y generando un impacto social positivo. La sostenibilidad no solo nos invita a replantear nuestras acciones presentes, sino tambi\u00e9n a asegurar un futuro sostenible para las pr\u00f3ximas generaciones.&nbsp;<\/p>\n","protected":false},"excerpt":{"rendered":"<p>Hay cifras alarmantes sobre la contaminaci\u00f3n. Seg\u00fan National Geographic, el 99 % de la poblaci\u00f3n mundial respira niveles insalubres de part\u00edculas finas de di\u00f3xido de nitr\u00f3geno; esto ocasionado por la contaminaci\u00f3n atmosf\u00e9rica. Adem\u00e1s, la Organizaci\u00f3n Meteorol\u00f3gica Mundial indica que los \u00faltimos seis a\u00f1os desde 2016 hasta 2022 han sido los m\u00e1s c\u00e1lidos registrados desde 1880, [&hellip;]<\/p>\n","protected":false},"author":36,"featured_media":9035,"comment_status":"open","ping_status":"closed","sticky":false,"template":"","format":"standard","meta":{"_acf_changed":false,"content-type":"","footnotes":""},"categories":[632],"tags":[],"class_list":["post-9033","post","type-post","status-publish","format-standard","has-post-thumbnail","hentry","category-responsabilidad-social"],"acf":[],"yoast_head":"<!-- This site is optimized with the Yoast SEO Premium plugin v20.7 (Yoast SEO v27.5) - https:\/\/yoast.com\/product\/yoast-seo-premium-wordpress\/ -->\n<title>Un futuro m\u00e1s verde es posible: hablemos de la sostenibilidad\u00a0 - BMI Ecuador<\/title>\n<meta name=\"robots\" content=\"index, follow, max-snippet:-1, max-image-preview:large, max-video-preview:-1\" \/>\n<link rel=\"canonical\" href=\"https:\/\/www.bmicos.com\/ecuador\/blog\/un-futuro-mas-verde-es-posible-hablemos-de-la-sostenibilidad\/\" \/>\n<meta property=\"og:locale\" content=\"es_ES\" \/>\n<meta property=\"og:type\" content=\"article\" \/>\n<meta property=\"og:title\" content=\"Un futuro m\u00e1s verde es posible: hablemos de la sostenibilidad\u00a0\" \/>\n<meta property=\"og:description\" content=\"Hay cifras alarmantes sobre la contaminaci\u00f3n. Seg\u00fan National Geographic, el 99 % de la poblaci\u00f3n mundial respira niveles insalubres de part\u00edculas finas de di\u00f3xido de nitr\u00f3geno; esto ocasionado por la contaminaci\u00f3n atmosf\u00e9rica. Adem\u00e1s, la Organizaci\u00f3n Meteorol\u00f3gica Mundial indica que los \u00faltimos seis a\u00f1os desde 2016 hasta 2022 han sido los m\u00e1s c\u00e1lidos registrados desde 1880, [&hellip;]\" \/>\n<meta property=\"og:url\" content=\"https:\/\/www.bmicos.com\/ecuador\/blog\/un-futuro-mas-verde-es-posible-hablemos-de-la-sostenibilidad\/\" \/>\n<meta property=\"og:site_name\" content=\"BMI Ecuador\" \/>\n<meta property=\"article:publisher\" content=\"https:\/\/www.facebook.com\/BMIEcuador\" \/>\n<meta property=\"article:published_time\" content=\"2024-06-13T16:38:30+00:00\" \/>\n<meta property=\"article:modified_time\" content=\"2024-06-13T16:38:35+00:00\" \/>\n<meta property=\"og:image\" content=\"https:\/\/www.bmicos.com\/ecuador\/wp-content\/uploads\/sites\/9\/2024\/06\/shutterstock_1211521729-scaled.jpg\" \/>\n\t<meta property=\"og:image:width\" content=\"2560\" \/>\n\t<meta property=\"og:image:height\" content=\"1711\" \/>\n\t<meta property=\"og:image:type\" content=\"image\/jpeg\" \/>\n<meta name=\"author\" content=\"cmorocho\" \/>\n<meta name=\"twitter:card\" content=\"summary_large_image\" \/>\n<meta name=\"twitter:label1\" content=\"Escrito por\" \/>\n\t<meta name=\"twitter:data1\" content=\"cmorocho\" \/>\n\t<meta name=\"twitter:label2\" content=\"Tiempo de lectura\" \/>\n\t<meta name=\"twitter:data2\" content=\"6 minutos\" \/>\n<script type=\"application\/ld+json\" class=\"yoast-schema-graph\">{\"@context\":\"https:\\\/\\\/schema.org\",\"@graph\":[{\"@type\":\"Article\",\"@id\":\"https:\\\/\\\/www.bmicos.com\\\/ecuador\\\/blog\\\/un-futuro-mas-verde-es-posible-hablemos-de-la-sostenibilidad\\\/#article\",\"isPartOf\":{\"@id\":\"https:\\\/\\\/www.bmicos.com\\\/ecuador\\\/blog\\\/un-futuro-mas-verde-es-posible-hablemos-de-la-sostenibilidad\\\/\"},\"author\":{\"name\":\"cmorocho\",\"@id\":\"https:\\\/\\\/www.bmicos.com\\\/ecuador\\\/#\\\/schema\\\/person\\\/02dcb85ea7b82abb44c4c25166e23f14\"},\"headline\":\"Un futuro m\u00e1s verde es posible: hablemos de la sostenibilidad\u00a0\",\"datePublished\":\"2024-06-13T16:38:30+00:00\",\"dateModified\":\"2024-06-13T16:38:35+00:00\",\"mainEntityOfPage\":{\"@id\":\"https:\\\/\\\/www.bmicos.com\\\/ecuador\\\/blog\\\/un-futuro-mas-verde-es-posible-hablemos-de-la-sostenibilidad\\\/\"},\"wordCount\":1142,\"commentCount\":0,\"publisher\":{\"@id\":\"https:\\\/\\\/www.bmicos.com\\\/ecuador\\\/#organization\"},\"image\":{\"@id\":\"https:\\\/\\\/www.bmicos.com\\\/ecuador\\\/blog\\\/un-futuro-mas-verde-es-posible-hablemos-de-la-sostenibilidad\\\/#primaryimage\"},\"thumbnailUrl\":\"https:\\\/\\\/www.bmicos.com\\\/ecuador\\\/wp-content\\\/uploads\\\/sites\\\/9\\\/2024\\\/06\\\/shutterstock_1211521729-scaled.jpg\",\"articleSection\":[\"Responsabilidad social\"],\"inLanguage\":\"es\",\"potentialAction\":[{\"@type\":\"CommentAction\",\"name\":\"Comment\",\"target\":[\"https:\\\/\\\/www.bmicos.com\\\/ecuador\\\/blog\\\/un-futuro-mas-verde-es-posible-hablemos-de-la-sostenibilidad\\\/#respond\"]}]},{\"@type\":\"WebPage\",\"@id\":\"https:\\\/\\\/www.bmicos.com\\\/ecuador\\\/blog\\\/un-futuro-mas-verde-es-posible-hablemos-de-la-sostenibilidad\\\/\",\"url\":\"https:\\\/\\\/www.bmicos.com\\\/ecuador\\\/blog\\\/un-futuro-mas-verde-es-posible-hablemos-de-la-sostenibilidad\\\/\",\"name\":\"Un futuro m\u00e1s verde es posible: hablemos de la sostenibilidad\u00a0 - BMI Ecuador\",\"isPartOf\":{\"@id\":\"https:\\\/\\\/www.bmicos.com\\\/ecuador\\\/#website\"},\"primaryImageOfPage\":{\"@id\":\"https:\\\/\\\/www.bmicos.com\\\/ecuador\\\/blog\\\/un-futuro-mas-verde-es-posible-hablemos-de-la-sostenibilidad\\\/#primaryimage\"},\"image\":{\"@id\":\"https:\\\/\\\/www.bmicos.com\\\/ecuador\\\/blog\\\/un-futuro-mas-verde-es-posible-hablemos-de-la-sostenibilidad\\\/#primaryimage\"},\"thumbnailUrl\":\"https:\\\/\\\/www.bmicos.com\\\/ecuador\\\/wp-content\\\/uploads\\\/sites\\\/9\\\/2024\\\/06\\\/shutterstock_1211521729-scaled.jpg\",\"datePublished\":\"2024-06-13T16:38:30+00:00\",\"dateModified\":\"2024-06-13T16:38:35+00:00\",\"breadcrumb\":{\"@id\":\"https:\\\/\\\/www.bmicos.com\\\/ecuador\\\/blog\\\/un-futuro-mas-verde-es-posible-hablemos-de-la-sostenibilidad\\\/#breadcrumb\"},\"inLanguage\":\"es\",\"potentialAction\":[{\"@type\":\"ReadAction\",\"target\":[\"https:\\\/\\\/www.bmicos.com\\\/ecuador\\\/blog\\\/un-futuro-mas-verde-es-posible-hablemos-de-la-sostenibilidad\\\/\"]}]},{\"@type\":\"ImageObject\",\"inLanguage\":\"es\",\"@id\":\"https:\\\/\\\/www.bmicos.com\\\/ecuador\\\/blog\\\/un-futuro-mas-verde-es-posible-hablemos-de-la-sostenibilidad\\\/#primaryimage\",\"url\":\"https:\\\/\\\/www.bmicos.com\\\/ecuador\\\/wp-content\\\/uploads\\\/sites\\\/9\\\/2024\\\/06\\\/shutterstock_1211521729-scaled.jpg\",\"contentUrl\":\"https:\\\/\\\/www.bmicos.com\\\/ecuador\\\/wp-content\\\/uploads\\\/sites\\\/9\\\/2024\\\/06\\\/shutterstock_1211521729-scaled.jpg\",\"width\":2560,\"height\":1711},{\"@type\":\"BreadcrumbList\",\"@id\":\"https:\\\/\\\/www.bmicos.com\\\/ecuador\\\/blog\\\/un-futuro-mas-verde-es-posible-hablemos-de-la-sostenibilidad\\\/#breadcrumb\",\"itemListElement\":[{\"@type\":\"ListItem\",\"position\":1,\"name\":\"Inicio\",\"item\":\"https:\\\/\\\/www.bmicos.com\\\/ecuador\\\/\"},{\"@type\":\"ListItem\",\"position\":2,\"name\":\"Un futuro m\u00e1s verde es posible: hablemos de la sostenibilidad\u00a0\"}]},{\"@type\":\"WebSite\",\"@id\":\"https:\\\/\\\/www.bmicos.com\\\/ecuador\\\/#website\",\"url\":\"https:\\\/\\\/www.bmicos.com\\\/ecuador\\\/\",\"name\":\"BMI Ecuador\",\"description\":\"Asegurando familias en todo el mundo\",\"publisher\":{\"@id\":\"https:\\\/\\\/www.bmicos.com\\\/ecuador\\\/#organization\"},\"potentialAction\":[{\"@type\":\"SearchAction\",\"target\":{\"@type\":\"EntryPoint\",\"urlTemplate\":\"https:\\\/\\\/www.bmicos.com\\\/ecuador\\\/?s={search_term_string}\"},\"query-input\":{\"@type\":\"PropertyValueSpecification\",\"valueRequired\":true,\"valueName\":\"search_term_string\"}}],\"inLanguage\":\"es\"},{\"@type\":\"Organization\",\"@id\":\"https:\\\/\\\/www.bmicos.com\\\/ecuador\\\/#organization\",\"name\":\"BMI Companies\",\"url\":\"https:\\\/\\\/www.bmicos.com\\\/ecuador\\\/\",\"logo\":{\"@type\":\"ImageObject\",\"inLanguage\":\"es\",\"@id\":\"https:\\\/\\\/www.bmicos.com\\\/ecuador\\\/#\\\/schema\\\/logo\\\/image\\\/\",\"url\":\"https:\\\/\\\/www.bmicos.com\\\/ecuador\\\/wp-content\\\/uploads\\\/sites\\\/9\\\/2020\\\/12\\\/logo-1.png\",\"contentUrl\":\"https:\\\/\\\/www.bmicos.com\\\/ecuador\\\/wp-content\\\/uploads\\\/sites\\\/9\\\/2020\\\/12\\\/logo-1.png\",\"width\":519,\"height\":273,\"caption\":\"BMI Companies\"},\"image\":{\"@id\":\"https:\\\/\\\/www.bmicos.com\\\/ecuador\\\/#\\\/schema\\\/logo\\\/image\\\/\"},\"sameAs\":[\"https:\\\/\\\/www.facebook.com\\\/BMIEcuador\",\"https:\\\/\\\/www.instagram.com\\\/bmi_ec\\\/\",\"https:\\\/\\\/www.linkedin.com\\\/company\\\/bmi-ecuador\",\"https:\\\/\\\/www.youtube.com\\\/c\\\/BMIEcuadorOficial\"]},{\"@type\":\"Person\",\"@id\":\"https:\\\/\\\/www.bmicos.com\\\/ecuador\\\/#\\\/schema\\\/person\\\/02dcb85ea7b82abb44c4c25166e23f14\",\"name\":\"cmorocho\",\"image\":{\"@type\":\"ImageObject\",\"inLanguage\":\"es\",\"@id\":\"https:\\\/\\\/secure.gravatar.com\\\/avatar\\\/cc888ce58a8d559a9a07a5fc0a1062c7229ed7965913cfab40c0adb2cd48c2b9?s=96&d=mm&r=g\",\"url\":\"https:\\\/\\\/secure.gravatar.com\\\/avatar\\\/cc888ce58a8d559a9a07a5fc0a1062c7229ed7965913cfab40c0adb2cd48c2b9?s=96&d=mm&r=g\",\"contentUrl\":\"https:\\\/\\\/secure.gravatar.com\\\/avatar\\\/cc888ce58a8d559a9a07a5fc0a1062c7229ed7965913cfab40c0adb2cd48c2b9?s=96&d=mm&r=g\",\"caption\":\"cmorocho\"}}]}<\/script>\n<!-- \/ Yoast SEO Premium plugin. -->","yoast_head_json":{"title":"Un futuro m\u00e1s verde es posible: hablemos de la sostenibilidad\u00a0 - BMI Ecuador","robots":{"index":"index","follow":"follow","max-snippet":"max-snippet:-1","max-image-preview":"max-image-preview:large","max-video-preview":"max-video-preview:-1"},"canonical":"https:\/\/www.bmicos.com\/ecuador\/blog\/un-futuro-mas-verde-es-posible-hablemos-de-la-sostenibilidad\/","og_locale":"es_ES","og_type":"article","og_title":"Un futuro m\u00e1s verde es posible: hablemos de la sostenibilidad\u00a0","og_description":"Hay cifras alarmantes sobre la contaminaci\u00f3n. Seg\u00fan National Geographic, el 99 % de la poblaci\u00f3n mundial respira niveles insalubres de part\u00edculas finas de di\u00f3xido de nitr\u00f3geno; esto ocasionado por la contaminaci\u00f3n atmosf\u00e9rica. Adem\u00e1s, la Organizaci\u00f3n Meteorol\u00f3gica Mundial indica que los \u00faltimos seis a\u00f1os desde 2016 hasta 2022 han sido los m\u00e1s c\u00e1lidos registrados desde 1880, [&hellip;]","og_url":"https:\/\/www.bmicos.com\/ecuador\/blog\/un-futuro-mas-verde-es-posible-hablemos-de-la-sostenibilidad\/","og_site_name":"BMI Ecuador","article_publisher":"https:\/\/www.facebook.com\/BMIEcuador","article_published_time":"2024-06-13T16:38:30+00:00","article_modified_time":"2024-06-13T16:38:35+00:00","og_image":[{"width":2560,"height":1711,"url":"https:\/\/www.bmicos.com\/ecuador\/wp-content\/uploads\/sites\/9\/2024\/06\/shutterstock_1211521729-scaled.jpg","type":"image\/jpeg"}],"author":"cmorocho","twitter_card":"summary_large_image","twitter_misc":{"Escrito por":"cmorocho","Tiempo de lectura":"6 minutos"},"schema":{"@context":"https:\/\/schema.org","@graph":[{"@type":"Article","@id":"https:\/\/www.bmicos.com\/ecuador\/blog\/un-futuro-mas-verde-es-posible-hablemos-de-la-sostenibilidad\/#article","isPartOf":{"@id":"https:\/\/www.bmicos.com\/ecuador\/blog\/un-futuro-mas-verde-es-posible-hablemos-de-la-sostenibilidad\/"},"author":{"name":"cmorocho","@id":"https:\/\/www.bmicos.com\/ecuador\/#\/schema\/person\/02dcb85ea7b82abb44c4c25166e23f14"},"headline":"Un futuro m\u00e1s verde es posible: hablemos de la sostenibilidad\u00a0","datePublished":"2024-06-13T16:38:30+00:00","dateModified":"2024-06-13T16:38:35+00:00","mainEntityOfPage":{"@id":"https:\/\/www.bmicos.com\/ecuador\/blog\/un-futuro-mas-verde-es-posible-hablemos-de-la-sostenibilidad\/"},"wordCount":1142,"commentCount":0,"publisher":{"@id":"https:\/\/www.bmicos.com\/ecuador\/#organization"},"image":{"@id":"https:\/\/www.bmicos.com\/ecuador\/blog\/un-futuro-mas-verde-es-posible-hablemos-de-la-sostenibilidad\/#primaryimage"},"thumbnailUrl":"https:\/\/www.bmicos.com\/ecuador\/wp-content\/uploads\/sites\/9\/2024\/06\/shutterstock_1211521729-scaled.jpg","articleSection":["Responsabilidad social"],"inLanguage":"es","potentialAction":[{"@type":"CommentAction","name":"Comment","target":["https:\/\/www.bmicos.com\/ecuador\/blog\/un-futuro-mas-verde-es-posible-hablemos-de-la-sostenibilidad\/#respond"]}]},{"@type":"WebPage","@id":"https:\/\/www.bmicos.com\/ecuador\/blog\/un-futuro-mas-verde-es-posible-hablemos-de-la-sostenibilidad\/","url":"https:\/\/www.bmicos.com\/ecuador\/blog\/un-futuro-mas-verde-es-posible-hablemos-de-la-sostenibilidad\/","name":"Un futuro m\u00e1s verde es posible: hablemos de la sostenibilidad\u00a0 - BMI Ecuador","isPartOf":{"@id":"https:\/\/www.bmicos.com\/ecuador\/#website"},"primaryImageOfPage":{"@id":"https:\/\/www.bmicos.com\/ecuador\/blog\/un-futuro-mas-verde-es-posible-hablemos-de-la-sostenibilidad\/#primaryimage"},"image":{"@id":"https:\/\/www.bmicos.com\/ecuador\/blog\/un-futuro-mas-verde-es-posible-hablemos-de-la-sostenibilidad\/#primaryimage"},"thumbnailUrl":"https:\/\/www.bmicos.com\/ecuador\/wp-content\/uploads\/sites\/9\/2024\/06\/shutterstock_1211521729-scaled.jpg","datePublished":"2024-06-13T16:38:30+00:00","dateModified":"2024-06-13T16:38:35+00:00","breadcrumb":{"@id":"https:\/\/www.bmicos.com\/ecuador\/blog\/un-futuro-mas-verde-es-posible-hablemos-de-la-sostenibilidad\/#breadcrumb"},"inLanguage":"es","potentialAction":[{"@type":"ReadAction","target":["https:\/\/www.bmicos.com\/ecuador\/blog\/un-futuro-mas-verde-es-posible-hablemos-de-la-sostenibilidad\/"]}]},{"@type":"ImageObject","inLanguage":"es","@id":"https:\/\/www.bmicos.com\/ecuador\/blog\/un-futuro-mas-verde-es-posible-hablemos-de-la-sostenibilidad\/#primaryimage","url":"https:\/\/www.bmicos.com\/ecuador\/wp-content\/uploads\/sites\/9\/2024\/06\/shutterstock_1211521729-scaled.jpg","contentUrl":"https:\/\/www.bmicos.com\/ecuador\/wp-content\/uploads\/sites\/9\/2024\/06\/shutterstock_1211521729-scaled.jpg","width":2560,"height":1711},{"@type":"BreadcrumbList","@id":"https:\/\/www.bmicos.com\/ecuador\/blog\/un-futuro-mas-verde-es-posible-hablemos-de-la-sostenibilidad\/#breadcrumb","itemListElement":[{"@type":"ListItem","position":1,"name":"Inicio","item":"https:\/\/www.bmicos.com\/ecuador\/"},{"@type":"ListItem","position":2,"name":"Un futuro m\u00e1s verde es posible: hablemos de la sostenibilidad\u00a0"}]},{"@type":"WebSite","@id":"https:\/\/www.bmicos.com\/ecuador\/#website","url":"https:\/\/www.bmicos.com\/ecuador\/","name":"BMI Ecuador","description":"Asegurando familias en todo el mundo","publisher":{"@id":"https:\/\/www.bmicos.com\/ecuador\/#organization"},"potentialAction":[{"@type":"SearchAction","target":{"@type":"EntryPoint","urlTemplate":"https:\/\/www.bmicos.com\/ecuador\/?s={search_term_string}"},"query-input":{"@type":"PropertyValueSpecification","valueRequired":true,"valueName":"search_term_string"}}],"inLanguage":"es"},{"@type":"Organization","@id":"https:\/\/www.bmicos.com\/ecuador\/#organization","name":"BMI Companies","url":"https:\/\/www.bmicos.com\/ecuador\/","logo":{"@type":"ImageObject","inLanguage":"es","@id":"https:\/\/www.bmicos.com\/ecuador\/#\/schema\/logo\/image\/","url":"https:\/\/www.bmicos.com\/ecuador\/wp-content\/uploads\/sites\/9\/2020\/12\/logo-1.png","contentUrl":"https:\/\/www.bmicos.com\/ecuador\/wp-content\/uploads\/sites\/9\/2020\/12\/logo-1.png","width":519,"height":273,"caption":"BMI Companies"},"image":{"@id":"https:\/\/www.bmicos.com\/ecuador\/#\/schema\/logo\/image\/"},"sameAs":["https:\/\/www.facebook.com\/BMIEcuador","https:\/\/www.instagram.com\/bmi_ec\/","https:\/\/www.linkedin.com\/company\/bmi-ecuador","https:\/\/www.youtube.com\/c\/BMIEcuadorOficial"]},{"@type":"Person","@id":"https:\/\/www.bmicos.com\/ecuador\/#\/schema\/person\/02dcb85ea7b82abb44c4c25166e23f14","name":"cmorocho","image":{"@type":"ImageObject","inLanguage":"es","@id":"https:\/\/secure.gravatar.com\/avatar\/cc888ce58a8d559a9a07a5fc0a1062c7229ed7965913cfab40c0adb2cd48c2b9?s=96&d=mm&r=g","url":"https:\/\/secure.gravatar.com\/avatar\/cc888ce58a8d559a9a07a5fc0a1062c7229ed7965913cfab40c0adb2cd48c2b9?s=96&d=mm&r=g","contentUrl":"https:\/\/secure.gravatar.com\/avatar\/cc888ce58a8d559a9a07a5fc0a1062c7229ed7965913cfab40c0adb2cd48c2b9?s=96&d=mm&r=g","caption":"cmorocho"}}]}},"_links":{"self":[{"href":"https:\/\/www.bmicos.com\/ecuador\/wp-json\/wp\/v2\/posts\/9033","targetHints":{"allow":["GET"]}}],"collection":[{"href":"https:\/\/www.bmicos.com\/ecuador\/wp-json\/wp\/v2\/posts"}],"about":[{"href":"https:\/\/www.bmicos.com\/ecuador\/wp-json\/wp\/v2\/types\/post"}],"author":[{"embeddable":true,"href":"https:\/\/www.bmicos.com\/ecuador\/wp-json\/wp\/v2\/users\/36"}],"replies":[{"embeddable":true,"href":"https:\/\/www.bmicos.com\/ecuador\/wp-json\/wp\/v2\/comments?post=9033"}],"version-history":[{"count":0,"href":"https:\/\/www.bmicos.com\/ecuador\/wp-json\/wp\/v2\/posts\/9033\/revisions"}],"wp:featuredmedia":[{"embeddable":true,"href":"https:\/\/www.bmicos.com\/ecuador\/wp-json\/wp\/v2\/media\/9035"}],"wp:attachment":[{"href":"https:\/\/www.bmicos.com\/ecuador\/wp-json\/wp\/v2\/media?parent=9033"}],"wp:term":[{"taxonomy":"category","embeddable":true,"href":"https:\/\/www.bmicos.com\/ecuador\/wp-json\/wp\/v2\/categories?post=9033"},{"taxonomy":"post_tag","embeddable":true,"href":"https:\/\/www.bmicos.com\/ecuador\/wp-json\/wp\/v2\/tags?post=9033"}],"curies":[{"name":"wp","href":"https:\/\/api.w.org\/{rel}","templated":true}]}}