{"id":4316,"date":"2021-01-12T16:46:27","date_gmt":"2021-01-12T16:46:27","guid":{"rendered":"https:\/\/www.bmicos.com\/guatemala\/?p=4316"},"modified":"2023-02-13T13:51:41","modified_gmt":"2023-02-13T19:51:41","slug":"entrevista-con-david-sierra-vice-presidente-ejecutivo-de-bmi-25-de-febrero-2013","status":"publish","type":"post","link":"https:\/\/www.bmicos.com\/guatemala\/noticias\/entrevista-con-david-sierra-vice-presidente-ejecutivo-de-bmi-25-de-febrero-2013\/","title":{"rendered":"Entrevista con David Sierra, Vice-Presidente ejecutivo de BMI \u2013 25 de febrero 2013"},"content":{"rendered":"\n<p>June 16, 2013<\/p>\n\n\n\n<p>Recientemente fue publicado un art\u00edculo en revista \u201cMoneda\u201d, donde se realiz\u00f3 una entrevista a&nbsp;David Sierra, Vice-Presidente ejecutivo de BMI y Manuel de Jes\u00fas Lemus, Gerente de BMI Guatemala.<\/p>\n\n\n\n<p>Clic en la imagen para verla m\u00e1s grande<\/p>\n\n\n\n<figure class=\"wp-block-image size-large\"><img loading=\"lazy\" decoding=\"async\" width=\"769\" height=\"1024\" src=\"https:\/\/www.bmicos.com\/guatemala\/wp-content\/uploads\/sites\/6\/2021\/01\/PUBLICACION-MONEDA-25-DE-FEBRERO-2013-769x1024-1.jpg\" alt=\"\" class=\"wp-image-4317\" srcset=\"https:\/\/www.bmicos.com\/guatemala\/wp-content\/uploads\/sites\/6\/2021\/01\/PUBLICACION-MONEDA-25-DE-FEBRERO-2013-769x1024-1.jpg 769w, https:\/\/www.bmicos.com\/guatemala\/wp-content\/uploads\/sites\/6\/2021\/01\/PUBLICACION-MONEDA-25-DE-FEBRERO-2013-769x1024-1-9x12.jpg 9w, https:\/\/www.bmicos.com\/guatemala\/wp-content\/uploads\/sites\/6\/2021\/01\/PUBLICACION-MONEDA-25-DE-FEBRERO-2013-769x1024-1-600x799.jpg 600w\" sizes=\"auto, (max-width: 769px) 100vw, 769px\" \/><\/figure>\n","protected":false},"excerpt":{"rendered":"<p>June 16, 2013 Recientemente fue publicado un art\u00edculo en revista \u201cMoneda\u201d, donde se realiz\u00f3 una entrevista a&nbsp;David Sierra, Vice-Presidente ejecutivo de BMI y Manuel de Jes\u00fas Lemus, Gerente de BMI Guatemala. Clic en la imagen para verla m\u00e1s grande<\/p>\n","protected":false},"author":3,"featured_media":4317,"comment_status":"open","ping_status":"closed","sticky":false,"template":"","format":"standard","meta":{"_acf_changed":false,"footnotes":""},"categories":[429],"tags":[],"class_list":["post-4316","post","type-post","status-publish","format-standard","has-post-thumbnail","hentry","category-noticias"],"acf":[],"yoast_head":"<!-- This site is optimized with the Yoast SEO Premium plugin v20.7 (Yoast SEO v27.4) - https:\/\/yoast.com\/product\/yoast-seo-premium-wordpress\/ -->\n<title>Entrevista con David Sierra, Vice-Presidente ejecutivo de BMI<\/title>\n<meta name=\"description\" content=\"Recientemente fue publicado un art\u00edculo en revista \u201cMoneda\u201d, donde se realiz\u00f3 una entrevista a\u00a0David Sierra, Vice-Presidente ejecutivo de BMI\" \/>\n<meta name=\"robots\" content=\"index, follow, max-snippet:-1, max-image-preview:large, max-video-preview:-1\" \/>\n<link rel=\"canonical\" href=\"https:\/\/www.bmicos.com\/guatemala\/noticias\/entrevista-con-david-sierra-vice-presidente-ejecutivo-de-bmi-25-de-febrero-2013\/\" \/>\n<meta property=\"og:locale\" content=\"es_ES\" \/>\n<meta property=\"og:type\" content=\"article\" \/>\n<meta property=\"og:title\" content=\"Entrevista con David Sierra, Vice-Presidente ejecutivo de BMI \u2013 25 de febrero 2013\" \/>\n<meta property=\"og:description\" content=\"Recientemente fue publicado un art\u00edculo en revista \u201cMoneda\u201d, donde se realiz\u00f3 una entrevista a\u00a0David Sierra, Vice-Presidente ejecutivo de BMI\" \/>\n<meta property=\"og:url\" content=\"https:\/\/www.bmicos.com\/guatemala\/noticias\/entrevista-con-david-sierra-vice-presidente-ejecutivo-de-bmi-25-de-febrero-2013\/\" \/>\n<meta property=\"og:site_name\" content=\"BMI Seguros Guatemala\" \/>\n<meta property=\"article:publisher\" content=\"https:\/\/www.facebook.com\/BMIGuatemala\/\" \/>\n<meta property=\"article:published_time\" content=\"2021-01-12T16:46:27+00:00\" \/>\n<meta property=\"article:modified_time\" content=\"2023-02-13T19:51:41+00:00\" \/>\n<meta property=\"og:image\" content=\"https:\/\/www.bmicos.com\/guatemala\/wp-content\/uploads\/sites\/6\/2021\/01\/PUBLICACION-MONEDA-25-DE-FEBRERO-2013-769x1024-1.jpg\" \/>\n\t<meta property=\"og:image:width\" content=\"769\" \/>\n\t<meta property=\"og:image:height\" content=\"1024\" \/>\n\t<meta property=\"og:image:type\" content=\"image\/jpeg\" \/>\n<meta name=\"author\" content=\"BMI Companies\" \/>\n<meta name=\"twitter:card\" content=\"summary_large_image\" \/>\n<meta name=\"twitter:creator\" content=\"@bmiguatemala\" \/>\n<meta name=\"twitter:site\" content=\"@bmiguatemala\" \/>\n<meta name=\"twitter:label1\" content=\"Escrito por\" \/>\n\t<meta name=\"twitter:data1\" content=\"BMI Companies\" \/>\n\t<meta name=\"twitter:label2\" content=\"Tiempo de lectura\" \/>\n\t<meta name=\"twitter:data2\" content=\"1 minuto\" \/>\n<script type=\"application\/ld+json\" class=\"yoast-schema-graph\">{\"@context\":\"https:\\\/\\\/schema.org\",\"@graph\":[{\"@type\":\"Article\",\"@id\":\"https:\\\/\\\/www.bmicos.com\\\/guatemala\\\/en\\\/noticias\\\/entrevista-con-david-sierra-vice-presidente-ejecutivo-de-bmi-25-de-febrero-2013\\\/#article\",\"isPartOf\":{\"@id\":\"https:\\\/\\\/www.bmicos.com\\\/guatemala\\\/en\\\/noticias\\\/entrevista-con-david-sierra-vice-presidente-ejecutivo-de-bmi-25-de-febrero-2013\\\/\"},\"author\":{\"name\":\"BMI Companies\",\"@id\":\"https:\\\/\\\/www.bmicos.com\\\/guatemala\\\/#\\\/schema\\\/person\\\/7241dfa8525d89b4072ce27682a42ff6\"},\"headline\":\"Entrevista con David Sierra, Vice-Presidente ejecutivo de BMI \u2013 25 de febrero 2013\",\"datePublished\":\"2021-01-12T16:46:27+00:00\",\"dateModified\":\"2023-02-13T19:51:41+00:00\",\"mainEntityOfPage\":{\"@id\":\"https:\\\/\\\/www.bmicos.com\\\/guatemala\\\/en\\\/noticias\\\/entrevista-con-david-sierra-vice-presidente-ejecutivo-de-bmi-25-de-febrero-2013\\\/\"},\"wordCount\":52,\"commentCount\":0,\"publisher\":{\"@id\":\"https:\\\/\\\/www.bmicos.com\\\/guatemala\\\/#organization\"},\"image\":{\"@id\":\"https:\\\/\\\/www.bmicos.com\\\/guatemala\\\/en\\\/noticias\\\/entrevista-con-david-sierra-vice-presidente-ejecutivo-de-bmi-25-de-febrero-2013\\\/#primaryimage\"},\"thumbnailUrl\":\"https:\\\/\\\/www.bmicos.com\\\/guatemala\\\/wp-content\\\/uploads\\\/sites\\\/6\\\/2021\\\/01\\\/PUBLICACION-MONEDA-25-DE-FEBRERO-2013-769x1024-1.jpg\",\"articleSection\":[\"Noticias\"],\"inLanguage\":\"es\",\"potentialAction\":[{\"@type\":\"CommentAction\",\"name\":\"Comment\",\"target\":[\"https:\\\/\\\/www.bmicos.com\\\/guatemala\\\/en\\\/noticias\\\/entrevista-con-david-sierra-vice-presidente-ejecutivo-de-bmi-25-de-febrero-2013\\\/#respond\"]}]},{\"@type\":\"WebPage\",\"@id\":\"https:\\\/\\\/www.bmicos.com\\\/guatemala\\\/en\\\/noticias\\\/entrevista-con-david-sierra-vice-presidente-ejecutivo-de-bmi-25-de-febrero-2013\\\/\",\"url\":\"https:\\\/\\\/www.bmicos.com\\\/guatemala\\\/en\\\/noticias\\\/entrevista-con-david-sierra-vice-presidente-ejecutivo-de-bmi-25-de-febrero-2013\\\/\",\"name\":\"Entrevista con David Sierra, Vice-Presidente ejecutivo de BMI\",\"isPartOf\":{\"@id\":\"https:\\\/\\\/www.bmicos.com\\\/guatemala\\\/#website\"},\"primaryImageOfPage\":{\"@id\":\"https:\\\/\\\/www.bmicos.com\\\/guatemala\\\/en\\\/noticias\\\/entrevista-con-david-sierra-vice-presidente-ejecutivo-de-bmi-25-de-febrero-2013\\\/#primaryimage\"},\"image\":{\"@id\":\"https:\\\/\\\/www.bmicos.com\\\/guatemala\\\/en\\\/noticias\\\/entrevista-con-david-sierra-vice-presidente-ejecutivo-de-bmi-25-de-febrero-2013\\\/#primaryimage\"},\"thumbnailUrl\":\"https:\\\/\\\/www.bmicos.com\\\/guatemala\\\/wp-content\\\/uploads\\\/sites\\\/6\\\/2021\\\/01\\\/PUBLICACION-MONEDA-25-DE-FEBRERO-2013-769x1024-1.jpg\",\"datePublished\":\"2021-01-12T16:46:27+00:00\",\"dateModified\":\"2023-02-13T19:51:41+00:00\",\"description\":\"Recientemente fue publicado un art\u00edculo en revista \u201cMoneda\u201d, donde se realiz\u00f3 una entrevista a\u00a0David Sierra, Vice-Presidente ejecutivo de BMI\",\"breadcrumb\":{\"@id\":\"https:\\\/\\\/www.bmicos.com\\\/guatemala\\\/en\\\/noticias\\\/entrevista-con-david-sierra-vice-presidente-ejecutivo-de-bmi-25-de-febrero-2013\\\/#breadcrumb\"},\"inLanguage\":\"es\",\"potentialAction\":[{\"@type\":\"ReadAction\",\"target\":[\"https:\\\/\\\/www.bmicos.com\\\/guatemala\\\/en\\\/noticias\\\/entrevista-con-david-sierra-vice-presidente-ejecutivo-de-bmi-25-de-febrero-2013\\\/\"]}]},{\"@type\":\"ImageObject\",\"inLanguage\":\"es\",\"@id\":\"https:\\\/\\\/www.bmicos.com\\\/guatemala\\\/en\\\/noticias\\\/entrevista-con-david-sierra-vice-presidente-ejecutivo-de-bmi-25-de-febrero-2013\\\/#primaryimage\",\"url\":\"https:\\\/\\\/www.bmicos.com\\\/guatemala\\\/wp-content\\\/uploads\\\/sites\\\/6\\\/2021\\\/01\\\/PUBLICACION-MONEDA-25-DE-FEBRERO-2013-769x1024-1.jpg\",\"contentUrl\":\"https:\\\/\\\/www.bmicos.com\\\/guatemala\\\/wp-content\\\/uploads\\\/sites\\\/6\\\/2021\\\/01\\\/PUBLICACION-MONEDA-25-DE-FEBRERO-2013-769x1024-1.jpg\",\"width\":769,\"height\":1024},{\"@type\":\"BreadcrumbList\",\"@id\":\"https:\\\/\\\/www.bmicos.com\\\/guatemala\\\/en\\\/noticias\\\/entrevista-con-david-sierra-vice-presidente-ejecutivo-de-bmi-25-de-febrero-2013\\\/#breadcrumb\",\"itemListElement\":[{\"@type\":\"ListItem\",\"position\":1,\"name\":\"Inicio\",\"item\":\"https:\\\/\\\/www.bmicos.com\\\/guatemala\\\/\"},{\"@type\":\"ListItem\",\"position\":2,\"name\":\"Entrevista con David Sierra, Vice-Presidente ejecutivo de BMI \u2013 25 de febrero 2013\"}]},{\"@type\":\"WebSite\",\"@id\":\"https:\\\/\\\/www.bmicos.com\\\/guatemala\\\/#website\",\"url\":\"https:\\\/\\\/www.bmicos.com\\\/guatemala\\\/\",\"name\":\"BMI Seguros Guatemala\",\"description\":\"Asegurando familias en todo el mundo\",\"publisher\":{\"@id\":\"https:\\\/\\\/www.bmicos.com\\\/guatemala\\\/#organization\"},\"potentialAction\":[{\"@type\":\"SearchAction\",\"target\":{\"@type\":\"EntryPoint\",\"urlTemplate\":\"https:\\\/\\\/www.bmicos.com\\\/guatemala\\\/?s={search_term_string}\"},\"query-input\":{\"@type\":\"PropertyValueSpecification\",\"valueRequired\":true,\"valueName\":\"search_term_string\"}}],\"inLanguage\":\"es\"},{\"@type\":\"Organization\",\"@id\":\"https:\\\/\\\/www.bmicos.com\\\/guatemala\\\/#organization\",\"name\":\"BMI Companies\",\"url\":\"https:\\\/\\\/www.bmicos.com\\\/guatemala\\\/\",\"logo\":{\"@type\":\"ImageObject\",\"inLanguage\":\"es\",\"@id\":\"https:\\\/\\\/www.bmicos.com\\\/guatemala\\\/#\\\/schema\\\/logo\\\/image\\\/\",\"url\":\"https:\\\/\\\/www.bmicos.com\\\/guatemala\\\/wp-content\\\/uploads\\\/sites\\\/6\\\/2020\\\/12\\\/logo-1.png\",\"contentUrl\":\"https:\\\/\\\/www.bmicos.com\\\/guatemala\\\/wp-content\\\/uploads\\\/sites\\\/6\\\/2020\\\/12\\\/logo-1.png\",\"width\":519,\"height\":273,\"caption\":\"BMI Companies\"},\"image\":{\"@id\":\"https:\\\/\\\/www.bmicos.com\\\/guatemala\\\/#\\\/schema\\\/logo\\\/image\\\/\"},\"sameAs\":[\"https:\\\/\\\/www.facebook.com\\\/BMIGuatemala\\\/\",\"https:\\\/\\\/x.com\\\/bmiguatemala\",\"https:\\\/\\\/www.instagram.com\\\/bmiguatemala\\\/\",\"https:\\\/\\\/www.linkedin.com\\\/company\\\/bmiguatemala\\\/about\\\/\",\"https:\\\/\\\/www.youtube.com\\\/user\\\/BMICompaniesGlobal\\\/videos\"]},{\"@type\":\"Person\",\"@id\":\"https:\\\/\\\/www.bmicos.com\\\/guatemala\\\/#\\\/schema\\\/person\\\/7241dfa8525d89b4072ce27682a42ff6\",\"name\":\"BMI Companies\",\"image\":{\"@type\":\"ImageObject\",\"inLanguage\":\"es\",\"@id\":\"https:\\\/\\\/secure.gravatar.com\\\/avatar\\\/711e4f0e2182d3e1782a86c9af69ea69512c940b159522fad31030e380091cbc?s=96&d=mm&r=g\",\"url\":\"https:\\\/\\\/secure.gravatar.com\\\/avatar\\\/711e4f0e2182d3e1782a86c9af69ea69512c940b159522fad31030e380091cbc?s=96&d=mm&r=g\",\"contentUrl\":\"https:\\\/\\\/secure.gravatar.com\\\/avatar\\\/711e4f0e2182d3e1782a86c9af69ea69512c940b159522fad31030e380091cbc?s=96&d=mm&r=g\",\"caption\":\"BMI Companies\"}}]}<\/script>\n<!-- \/ Yoast SEO Premium plugin. -->","yoast_head_json":{"title":"Entrevista con David Sierra, Vice-Presidente ejecutivo de BMI","description":"Recientemente fue publicado un art\u00edculo en revista \u201cMoneda\u201d, donde se realiz\u00f3 una entrevista a\u00a0David Sierra, Vice-Presidente ejecutivo de BMI","robots":{"index":"index","follow":"follow","max-snippet":"max-snippet:-1","max-image-preview":"max-image-preview:large","max-video-preview":"max-video-preview:-1"},"canonical":"https:\/\/www.bmicos.com\/guatemala\/noticias\/entrevista-con-david-sierra-vice-presidente-ejecutivo-de-bmi-25-de-febrero-2013\/","og_locale":"es_ES","og_type":"article","og_title":"Entrevista con David Sierra, Vice-Presidente ejecutivo de BMI \u2013 25 de febrero 2013","og_description":"Recientemente fue publicado un art\u00edculo en revista \u201cMoneda\u201d, donde se realiz\u00f3 una entrevista a\u00a0David Sierra, Vice-Presidente ejecutivo de BMI","og_url":"https:\/\/www.bmicos.com\/guatemala\/noticias\/entrevista-con-david-sierra-vice-presidente-ejecutivo-de-bmi-25-de-febrero-2013\/","og_site_name":"BMI Seguros Guatemala","article_publisher":"https:\/\/www.facebook.com\/BMIGuatemala\/","article_published_time":"2021-01-12T16:46:27+00:00","article_modified_time":"2023-02-13T19:51:41+00:00","og_image":[{"width":769,"height":1024,"url":"https:\/\/www.bmicos.com\/guatemala\/wp-content\/uploads\/sites\/6\/2021\/01\/PUBLICACION-MONEDA-25-DE-FEBRERO-2013-769x1024-1.jpg","type":"image\/jpeg"}],"author":"BMI Companies","twitter_card":"summary_large_image","twitter_creator":"@bmiguatemala","twitter_site":"@bmiguatemala","twitter_misc":{"Escrito por":"BMI Companies","Tiempo de lectura":"1 minuto"},"schema":{"@context":"https:\/\/schema.org","@graph":[{"@type":"Article","@id":"https:\/\/www.bmicos.com\/guatemala\/en\/noticias\/entrevista-con-david-sierra-vice-presidente-ejecutivo-de-bmi-25-de-febrero-2013\/#article","isPartOf":{"@id":"https:\/\/www.bmicos.com\/guatemala\/en\/noticias\/entrevista-con-david-sierra-vice-presidente-ejecutivo-de-bmi-25-de-febrero-2013\/"},"author":{"name":"BMI Companies","@id":"https:\/\/www.bmicos.com\/guatemala\/#\/schema\/person\/7241dfa8525d89b4072ce27682a42ff6"},"headline":"Entrevista con David Sierra, Vice-Presidente ejecutivo de BMI \u2013 25 de febrero 2013","datePublished":"2021-01-12T16:46:27+00:00","dateModified":"2023-02-13T19:51:41+00:00","mainEntityOfPage":{"@id":"https:\/\/www.bmicos.com\/guatemala\/en\/noticias\/entrevista-con-david-sierra-vice-presidente-ejecutivo-de-bmi-25-de-febrero-2013\/"},"wordCount":52,"commentCount":0,"publisher":{"@id":"https:\/\/www.bmicos.com\/guatemala\/#organization"},"image":{"@id":"https:\/\/www.bmicos.com\/guatemala\/en\/noticias\/entrevista-con-david-sierra-vice-presidente-ejecutivo-de-bmi-25-de-febrero-2013\/#primaryimage"},"thumbnailUrl":"https:\/\/www.bmicos.com\/guatemala\/wp-content\/uploads\/sites\/6\/2021\/01\/PUBLICACION-MONEDA-25-DE-FEBRERO-2013-769x1024-1.jpg","articleSection":["Noticias"],"inLanguage":"es","potentialAction":[{"@type":"CommentAction","name":"Comment","target":["https:\/\/www.bmicos.com\/guatemala\/en\/noticias\/entrevista-con-david-sierra-vice-presidente-ejecutivo-de-bmi-25-de-febrero-2013\/#respond"]}]},{"@type":"WebPage","@id":"https:\/\/www.bmicos.com\/guatemala\/en\/noticias\/entrevista-con-david-sierra-vice-presidente-ejecutivo-de-bmi-25-de-febrero-2013\/","url":"https:\/\/www.bmicos.com\/guatemala\/en\/noticias\/entrevista-con-david-sierra-vice-presidente-ejecutivo-de-bmi-25-de-febrero-2013\/","name":"Entrevista con David Sierra, Vice-Presidente ejecutivo de BMI","isPartOf":{"@id":"https:\/\/www.bmicos.com\/guatemala\/#website"},"primaryImageOfPage":{"@id":"https:\/\/www.bmicos.com\/guatemala\/en\/noticias\/entrevista-con-david-sierra-vice-presidente-ejecutivo-de-bmi-25-de-febrero-2013\/#primaryimage"},"image":{"@id":"https:\/\/www.bmicos.com\/guatemala\/en\/noticias\/entrevista-con-david-sierra-vice-presidente-ejecutivo-de-bmi-25-de-febrero-2013\/#primaryimage"},"thumbnailUrl":"https:\/\/www.bmicos.com\/guatemala\/wp-content\/uploads\/sites\/6\/2021\/01\/PUBLICACION-MONEDA-25-DE-FEBRERO-2013-769x1024-1.jpg","datePublished":"2021-01-12T16:46:27+00:00","dateModified":"2023-02-13T19:51:41+00:00","description":"Recientemente fue publicado un art\u00edculo en revista \u201cMoneda\u201d, donde se realiz\u00f3 una entrevista a\u00a0David Sierra, Vice-Presidente ejecutivo de BMI","breadcrumb":{"@id":"https:\/\/www.bmicos.com\/guatemala\/en\/noticias\/entrevista-con-david-sierra-vice-presidente-ejecutivo-de-bmi-25-de-febrero-2013\/#breadcrumb"},"inLanguage":"es","potentialAction":[{"@type":"ReadAction","target":["https:\/\/www.bmicos.com\/guatemala\/en\/noticias\/entrevista-con-david-sierra-vice-presidente-ejecutivo-de-bmi-25-de-febrero-2013\/"]}]},{"@type":"ImageObject","inLanguage":"es","@id":"https:\/\/www.bmicos.com\/guatemala\/en\/noticias\/entrevista-con-david-sierra-vice-presidente-ejecutivo-de-bmi-25-de-febrero-2013\/#primaryimage","url":"https:\/\/www.bmicos.com\/guatemala\/wp-content\/uploads\/sites\/6\/2021\/01\/PUBLICACION-MONEDA-25-DE-FEBRERO-2013-769x1024-1.jpg","contentUrl":"https:\/\/www.bmicos.com\/guatemala\/wp-content\/uploads\/sites\/6\/2021\/01\/PUBLICACION-MONEDA-25-DE-FEBRERO-2013-769x1024-1.jpg","width":769,"height":1024},{"@type":"BreadcrumbList","@id":"https:\/\/www.bmicos.com\/guatemala\/en\/noticias\/entrevista-con-david-sierra-vice-presidente-ejecutivo-de-bmi-25-de-febrero-2013\/#breadcrumb","itemListElement":[{"@type":"ListItem","position":1,"name":"Inicio","item":"https:\/\/www.bmicos.com\/guatemala\/"},{"@type":"ListItem","position":2,"name":"Entrevista con David Sierra, Vice-Presidente ejecutivo de BMI \u2013 25 de febrero 2013"}]},{"@type":"WebSite","@id":"https:\/\/www.bmicos.com\/guatemala\/#website","url":"https:\/\/www.bmicos.com\/guatemala\/","name":"BMI Seguros Guatemala","description":"Asegurando familias en todo el mundo","publisher":{"@id":"https:\/\/www.bmicos.com\/guatemala\/#organization"},"potentialAction":[{"@type":"SearchAction","target":{"@type":"EntryPoint","urlTemplate":"https:\/\/www.bmicos.com\/guatemala\/?s={search_term_string}"},"query-input":{"@type":"PropertyValueSpecification","valueRequired":true,"valueName":"search_term_string"}}],"inLanguage":"es"},{"@type":"Organization","@id":"https:\/\/www.bmicos.com\/guatemala\/#organization","name":"BMI Companies","url":"https:\/\/www.bmicos.com\/guatemala\/","logo":{"@type":"ImageObject","inLanguage":"es","@id":"https:\/\/www.bmicos.com\/guatemala\/#\/schema\/logo\/image\/","url":"https:\/\/www.bmicos.com\/guatemala\/wp-content\/uploads\/sites\/6\/2020\/12\/logo-1.png","contentUrl":"https:\/\/www.bmicos.com\/guatemala\/wp-content\/uploads\/sites\/6\/2020\/12\/logo-1.png","width":519,"height":273,"caption":"BMI Companies"},"image":{"@id":"https:\/\/www.bmicos.com\/guatemala\/#\/schema\/logo\/image\/"},"sameAs":["https:\/\/www.facebook.com\/BMIGuatemala\/","https:\/\/x.com\/bmiguatemala","https:\/\/www.instagram.com\/bmiguatemala\/","https:\/\/www.linkedin.com\/company\/bmiguatemala\/about\/","https:\/\/www.youtube.com\/user\/BMICompaniesGlobal\/videos"]},{"@type":"Person","@id":"https:\/\/www.bmicos.com\/guatemala\/#\/schema\/person\/7241dfa8525d89b4072ce27682a42ff6","name":"BMI Companies","image":{"@type":"ImageObject","inLanguage":"es","@id":"https:\/\/secure.gravatar.com\/avatar\/711e4f0e2182d3e1782a86c9af69ea69512c940b159522fad31030e380091cbc?s=96&d=mm&r=g","url":"https:\/\/secure.gravatar.com\/avatar\/711e4f0e2182d3e1782a86c9af69ea69512c940b159522fad31030e380091cbc?s=96&d=mm&r=g","contentUrl":"https:\/\/secure.gravatar.com\/avatar\/711e4f0e2182d3e1782a86c9af69ea69512c940b159522fad31030e380091cbc?s=96&d=mm&r=g","caption":"BMI Companies"}}]}},"_links":{"self":[{"href":"https:\/\/www.bmicos.com\/guatemala\/wp-json\/wp\/v2\/posts\/4316","targetHints":{"allow":["GET"]}}],"collection":[{"href":"https:\/\/www.bmicos.com\/guatemala\/wp-json\/wp\/v2\/posts"}],"about":[{"href":"https:\/\/www.bmicos.com\/guatemala\/wp-json\/wp\/v2\/types\/post"}],"author":[{"embeddable":true,"href":"https:\/\/www.bmicos.com\/guatemala\/wp-json\/wp\/v2\/users\/3"}],"replies":[{"embeddable":true,"href":"https:\/\/www.bmicos.com\/guatemala\/wp-json\/wp\/v2\/comments?post=4316"}],"version-history":[{"count":0,"href":"https:\/\/www.bmicos.com\/guatemala\/wp-json\/wp\/v2\/posts\/4316\/revisions"}],"wp:featuredmedia":[{"embeddable":true,"href":"https:\/\/www.bmicos.com\/guatemala\/wp-json\/wp\/v2\/media\/4317"}],"wp:attachment":[{"href":"https:\/\/www.bmicos.com\/guatemala\/wp-json\/wp\/v2\/media?parent=4316"}],"wp:term":[{"taxonomy":"category","embeddable":true,"href":"https:\/\/www.bmicos.com\/guatemala\/wp-json\/wp\/v2\/categories?post=4316"},{"taxonomy":"post_tag","embeddable":true,"href":"https:\/\/www.bmicos.com\/guatemala\/wp-json\/wp\/v2\/tags?post=4316"}],"curies":[{"name":"wp","href":"https:\/\/api.w.org\/{rel}","templated":true}]}}