{"id":5698,"date":"2023-03-06T05:05:00","date_gmt":"2023-03-06T11:05:00","guid":{"rendered":"https:\/\/www.bmicos.com\/guatemala\/?p=5698"},"modified":"2023-03-03T09:58:45","modified_gmt":"2023-03-03T15:58:45","slug":"bmi-se-une-a-carrera-familiar-por-la-ninez","status":"publish","type":"post","link":"https:\/\/www.bmicos.com\/guatemala\/noticias\/bmi-se-une-a-carrera-familiar-por-la-ninez\/","title":{"rendered":"BMI se une a carrera familiar por la ni\u00f1ez"},"content":{"rendered":"\n<p>BMI en su fuerte compromiso por respaldar a la ni\u00f1ez y familias guatemaltecas, se uni\u00f3 a la carrera familiar organizada por McDonald\u00b4s este pasado 26 de febrero. El objetivo de esta iniciativa era recaudar fondos para la Fundaci\u00f3n Infantil Ronald McDonald que opera en ciudad capital y para el proyecto \u201cCiudad Rotaria de los Ni\u00f1os\u201d en Quetzaltenango.<\/p>\n\n\n\n<p>BMI hizo una donaci\u00f3n del servicio de ambulancia que asisti\u00f3 a varios de los participantes durante el evento. De igual manera, contribuy\u00f3 con la adquisici\u00f3n de entradas para participar en el evento y as\u00ed apoyar esta noble causa. Seg\u00fan Alejandro Arriola, Gerente General de BMI Guatemala en esta carrera participaron colaboradores de BMI y sus familias. \u201c<strong><em>La idea era compartir un momento de felicidad y de poder incentivar en nuestros trabajadores una vida activa y saludable, que era b\u00e1sicamente el objetivo final de la carrera\u201d<\/em><\/strong>. Especific\u00f3 Arriola,<\/p>\n\n\n\n<figure class=\"wp-block-image size-large\"><img loading=\"lazy\" decoding=\"async\" width=\"1024\" height=\"540\" src=\"https:\/\/www.bmicos.com\/guatemala\/wp-content\/uploads\/sites\/6\/2023\/03\/ambulancia-1024x540.jpg\" alt=\"\" class=\"wp-image-5700\" srcset=\"https:\/\/www.bmicos.com\/guatemala\/wp-content\/uploads\/sites\/6\/2023\/03\/ambulancia-1024x540.jpg 1024w, https:\/\/www.bmicos.com\/guatemala\/wp-content\/uploads\/sites\/6\/2023\/03\/ambulancia-18x8.jpg 18w\" sizes=\"auto, (max-width: 1024px) 100vw, 1024px\" \/><\/figure>\n\n\n\n<p>La carrera estuvo llena de sorpresas para las familias y cont\u00f3 con las categor\u00edas de 5K y 10K. En Guatemala se llev\u00f3 a cabo en Plaza Obelisco, haciendo un extenso recorrido por Avenida Reforma. &nbsp;Previo a la carrera se realizaron diversas actividades de calentamiento y entretenimiento que iniciaron una hora antes del arranque oficial de la actividad agendada para las ocho de la ma\u00f1ana.<\/p>\n\n\n\n<p>La casa Ronald McDonald en Guatemala brinda hospedaje a ni\u00f1os y ni\u00f1os enfermos y sus familias para que puedan continuar con el tratamiento m\u00e9dico en un lugar seguro y cerca de los hospitales donde son atendidos. Las familias del interior viajan lejos de sus hogares en busca de ayuda m\u00e9dica, por tanto, el trabajo de la Fundaci\u00f3n es trascendental porque ayuda a los ni\u00f1os que est\u00e1n luchando contra una enfermedad a estar cerca de sus familias.<\/p>\n\n\n\n<figure class=\"wp-block-image size-large\"><img loading=\"lazy\" decoding=\"async\" width=\"1024\" height=\"540\" src=\"https:\/\/www.bmicos.com\/guatemala\/wp-content\/uploads\/sites\/6\/2023\/03\/ppl-1024x540.jpg\" alt=\"\" class=\"wp-image-5702\" srcset=\"https:\/\/www.bmicos.com\/guatemala\/wp-content\/uploads\/sites\/6\/2023\/03\/ppl-1024x540.jpg 1024w, https:\/\/www.bmicos.com\/guatemala\/wp-content\/uploads\/sites\/6\/2023\/03\/ppl-18x8.jpg 18w\" sizes=\"auto, (max-width: 1024px) 100vw, 1024px\" \/><\/figure>\n\n\n\n<p>Por su parte, el proyecto \u201cCiudad Rotaria de los Ni\u00f1os\u201d ejecutado por las damas rotarias de Quetzaltenango alberga 4 instituciones que ayudan a la ni\u00f1ez con discapacidad f\u00edsica, cerebral, as\u00ed como discapacidad auditiva y visual. Igualmente, cubren el tratamiento para la ni\u00f1ez con c\u00e1ncer.<\/p>\n\n\n\n<p>BMI dentro de sus iniciativas de <strong>Responsabilidad Social Corporativa<\/strong>, respalda actividades y acciones enfocadas en generar inclusi\u00f3n social, pero adem\u00e1s que generen un impacto positivo en la sociedad a nivel Latinoamericano.<\/p>\n","protected":false},"excerpt":{"rendered":"<p>BMI en su fuerte compromiso por respaldar a la ni\u00f1ez y familias guatemaltecas, se uni\u00f3 a la carrera familiar organizada por McDonald\u00b4s este pasado 26 de febrero. El objetivo de esta iniciativa era recaudar fondos para la Fundaci\u00f3n Infantil Ronald McDonald que opera en ciudad capital y para el proyecto \u201cCiudad Rotaria de los Ni\u00f1os\u201d [&hellip;]<\/p>\n","protected":false},"author":1,"featured_media":5701,"comment_status":"open","ping_status":"open","sticky":false,"template":"","format":"standard","meta":{"_acf_changed":false,"footnotes":""},"categories":[429],"tags":[],"class_list":["post-5698","post","type-post","status-publish","format-standard","has-post-thumbnail","hentry","category-noticias"],"acf":[],"yoast_head":"<!-- This site is optimized with the Yoast SEO Premium plugin v20.7 (Yoast SEO v27.5) - https:\/\/yoast.com\/product\/yoast-seo-premium-wordpress\/ -->\n<title>BMI se une a carrera familiar por la ni\u00f1ez - BMI Seguros Guatemala<\/title>\n<meta name=\"description\" content=\"BMI en su fuerte compromiso por respaldar a la ni\u00f1ez y familias guatemaltecas, se uni\u00f3 a la carrera familiar organizada por McDonald\u00b4s\" \/>\n<meta name=\"robots\" content=\"index, follow, max-snippet:-1, max-image-preview:large, max-video-preview:-1\" \/>\n<link rel=\"canonical\" href=\"https:\/\/www.bmicos.com\/guatemala\/noticias\/bmi-se-une-a-carrera-familiar-por-la-ninez\/\" \/>\n<meta property=\"og:locale\" content=\"es_ES\" \/>\n<meta property=\"og:type\" content=\"article\" \/>\n<meta property=\"og:title\" content=\"BMI se une a carrera familiar por la ni\u00f1ez\" \/>\n<meta property=\"og:description\" content=\"BMI en su fuerte compromiso por respaldar a la ni\u00f1ez y familias guatemaltecas, se uni\u00f3 a la carrera familiar organizada por McDonald\u00b4s\" \/>\n<meta property=\"og:url\" content=\"https:\/\/www.bmicos.com\/guatemala\/noticias\/bmi-se-une-a-carrera-familiar-por-la-ninez\/\" \/>\n<meta property=\"og:site_name\" content=\"BMI Seguros Guatemala\" \/>\n<meta property=\"article:publisher\" content=\"https:\/\/www.facebook.com\/BMIGuatemala\/\" \/>\n<meta property=\"article:published_time\" content=\"2023-03-06T11:05:00+00:00\" \/>\n<meta property=\"og:image\" content=\"https:\/\/www.bmicos.com\/guatemala\/wp-content\/uploads\/sites\/6\/2023\/03\/donacion.jpg\" \/>\n\t<meta property=\"og:image:width\" content=\"1200\" \/>\n\t<meta property=\"og:image:height\" content=\"540\" \/>\n\t<meta property=\"og:image:type\" content=\"image\/jpeg\" \/>\n<meta name=\"author\" content=\"web\" \/>\n<meta name=\"twitter:card\" content=\"summary_large_image\" \/>\n<meta name=\"twitter:creator\" content=\"@bmiguatemala\" \/>\n<meta name=\"twitter:site\" content=\"@bmiguatemala\" \/>\n<meta name=\"twitter:label1\" content=\"Escrito por\" \/>\n\t<meta name=\"twitter:data1\" content=\"web\" \/>\n\t<meta name=\"twitter:label2\" content=\"Tiempo de lectura\" \/>\n\t<meta name=\"twitter:data2\" content=\"2 minutos\" \/>\n<script type=\"application\/ld+json\" class=\"yoast-schema-graph\">{\"@context\":\"https:\\\/\\\/schema.org\",\"@graph\":[{\"@type\":\"Article\",\"@id\":\"https:\\\/\\\/www.bmicos.com\\\/guatemala\\\/en\\\/noticias\\\/bmi-se-une-a-carrera-familiar-por-la-ninez\\\/#article\",\"isPartOf\":{\"@id\":\"https:\\\/\\\/www.bmicos.com\\\/guatemala\\\/en\\\/noticias\\\/bmi-se-une-a-carrera-familiar-por-la-ninez\\\/\"},\"author\":{\"name\":\"web\",\"@id\":\"https:\\\/\\\/www.bmicos.com\\\/guatemala\\\/#\\\/schema\\\/person\\\/cb0375acd56e63ca2d186eb6e90a03bf\"},\"headline\":\"BMI se une a carrera familiar por la ni\u00f1ez\",\"datePublished\":\"2023-03-06T11:05:00+00:00\",\"mainEntityOfPage\":{\"@id\":\"https:\\\/\\\/www.bmicos.com\\\/guatemala\\\/en\\\/noticias\\\/bmi-se-une-a-carrera-familiar-por-la-ninez\\\/\"},\"wordCount\":392,\"commentCount\":0,\"publisher\":{\"@id\":\"https:\\\/\\\/www.bmicos.com\\\/guatemala\\\/#organization\"},\"image\":{\"@id\":\"https:\\\/\\\/www.bmicos.com\\\/guatemala\\\/en\\\/noticias\\\/bmi-se-une-a-carrera-familiar-por-la-ninez\\\/#primaryimage\"},\"thumbnailUrl\":\"https:\\\/\\\/www.bmicos.com\\\/guatemala\\\/wp-content\\\/uploads\\\/sites\\\/6\\\/2023\\\/03\\\/donacion.jpg\",\"articleSection\":[\"Noticias\"],\"inLanguage\":\"es\",\"potentialAction\":[{\"@type\":\"CommentAction\",\"name\":\"Comment\",\"target\":[\"https:\\\/\\\/www.bmicos.com\\\/guatemala\\\/en\\\/noticias\\\/bmi-se-une-a-carrera-familiar-por-la-ninez\\\/#respond\"]}]},{\"@type\":\"WebPage\",\"@id\":\"https:\\\/\\\/www.bmicos.com\\\/guatemala\\\/en\\\/noticias\\\/bmi-se-une-a-carrera-familiar-por-la-ninez\\\/\",\"url\":\"https:\\\/\\\/www.bmicos.com\\\/guatemala\\\/en\\\/noticias\\\/bmi-se-une-a-carrera-familiar-por-la-ninez\\\/\",\"name\":\"BMI se une a carrera familiar por la ni\u00f1ez - BMI Seguros Guatemala\",\"isPartOf\":{\"@id\":\"https:\\\/\\\/www.bmicos.com\\\/guatemala\\\/#website\"},\"primaryImageOfPage\":{\"@id\":\"https:\\\/\\\/www.bmicos.com\\\/guatemala\\\/en\\\/noticias\\\/bmi-se-une-a-carrera-familiar-por-la-ninez\\\/#primaryimage\"},\"image\":{\"@id\":\"https:\\\/\\\/www.bmicos.com\\\/guatemala\\\/en\\\/noticias\\\/bmi-se-une-a-carrera-familiar-por-la-ninez\\\/#primaryimage\"},\"thumbnailUrl\":\"https:\\\/\\\/www.bmicos.com\\\/guatemala\\\/wp-content\\\/uploads\\\/sites\\\/6\\\/2023\\\/03\\\/donacion.jpg\",\"datePublished\":\"2023-03-06T11:05:00+00:00\",\"description\":\"BMI en su fuerte compromiso por respaldar a la ni\u00f1ez y familias guatemaltecas, se uni\u00f3 a la carrera familiar organizada por McDonald\u00b4s\",\"breadcrumb\":{\"@id\":\"https:\\\/\\\/www.bmicos.com\\\/guatemala\\\/en\\\/noticias\\\/bmi-se-une-a-carrera-familiar-por-la-ninez\\\/#breadcrumb\"},\"inLanguage\":\"es\",\"potentialAction\":[{\"@type\":\"ReadAction\",\"target\":[\"https:\\\/\\\/www.bmicos.com\\\/guatemala\\\/en\\\/noticias\\\/bmi-se-une-a-carrera-familiar-por-la-ninez\\\/\"]}]},{\"@type\":\"ImageObject\",\"inLanguage\":\"es\",\"@id\":\"https:\\\/\\\/www.bmicos.com\\\/guatemala\\\/en\\\/noticias\\\/bmi-se-une-a-carrera-familiar-por-la-ninez\\\/#primaryimage\",\"url\":\"https:\\\/\\\/www.bmicos.com\\\/guatemala\\\/wp-content\\\/uploads\\\/sites\\\/6\\\/2023\\\/03\\\/donacion.jpg\",\"contentUrl\":\"https:\\\/\\\/www.bmicos.com\\\/guatemala\\\/wp-content\\\/uploads\\\/sites\\\/6\\\/2023\\\/03\\\/donacion.jpg\",\"width\":1200,\"height\":540},{\"@type\":\"BreadcrumbList\",\"@id\":\"https:\\\/\\\/www.bmicos.com\\\/guatemala\\\/en\\\/noticias\\\/bmi-se-une-a-carrera-familiar-por-la-ninez\\\/#breadcrumb\",\"itemListElement\":[{\"@type\":\"ListItem\",\"position\":1,\"name\":\"Inicio\",\"item\":\"https:\\\/\\\/www.bmicos.com\\\/guatemala\\\/\"},{\"@type\":\"ListItem\",\"position\":2,\"name\":\"BMI se une a carrera familiar por la ni\u00f1ez\"}]},{\"@type\":\"WebSite\",\"@id\":\"https:\\\/\\\/www.bmicos.com\\\/guatemala\\\/#website\",\"url\":\"https:\\\/\\\/www.bmicos.com\\\/guatemala\\\/\",\"name\":\"BMI Seguros Guatemala\",\"description\":\"Asegurando familias en todo el mundo\",\"publisher\":{\"@id\":\"https:\\\/\\\/www.bmicos.com\\\/guatemala\\\/#organization\"},\"potentialAction\":[{\"@type\":\"SearchAction\",\"target\":{\"@type\":\"EntryPoint\",\"urlTemplate\":\"https:\\\/\\\/www.bmicos.com\\\/guatemala\\\/?s={search_term_string}\"},\"query-input\":{\"@type\":\"PropertyValueSpecification\",\"valueRequired\":true,\"valueName\":\"search_term_string\"}}],\"inLanguage\":\"es\"},{\"@type\":\"Organization\",\"@id\":\"https:\\\/\\\/www.bmicos.com\\\/guatemala\\\/#organization\",\"name\":\"BMI Companies\",\"url\":\"https:\\\/\\\/www.bmicos.com\\\/guatemala\\\/\",\"logo\":{\"@type\":\"ImageObject\",\"inLanguage\":\"es\",\"@id\":\"https:\\\/\\\/www.bmicos.com\\\/guatemala\\\/#\\\/schema\\\/logo\\\/image\\\/\",\"url\":\"https:\\\/\\\/www.bmicos.com\\\/guatemala\\\/wp-content\\\/uploads\\\/sites\\\/6\\\/2020\\\/12\\\/logo-1.png\",\"contentUrl\":\"https:\\\/\\\/www.bmicos.com\\\/guatemala\\\/wp-content\\\/uploads\\\/sites\\\/6\\\/2020\\\/12\\\/logo-1.png\",\"width\":519,\"height\":273,\"caption\":\"BMI Companies\"},\"image\":{\"@id\":\"https:\\\/\\\/www.bmicos.com\\\/guatemala\\\/#\\\/schema\\\/logo\\\/image\\\/\"},\"sameAs\":[\"https:\\\/\\\/www.facebook.com\\\/BMIGuatemala\\\/\",\"https:\\\/\\\/x.com\\\/bmiguatemala\",\"https:\\\/\\\/www.instagram.com\\\/bmiguatemala\\\/\",\"https:\\\/\\\/www.linkedin.com\\\/company\\\/bmiguatemala\\\/about\\\/\",\"https:\\\/\\\/www.youtube.com\\\/user\\\/BMICompaniesGlobal\\\/videos\"]},{\"@type\":\"Person\",\"@id\":\"https:\\\/\\\/www.bmicos.com\\\/guatemala\\\/#\\\/schema\\\/person\\\/cb0375acd56e63ca2d186eb6e90a03bf\",\"name\":\"web\",\"image\":{\"@type\":\"ImageObject\",\"inLanguage\":\"es\",\"@id\":\"https:\\\/\\\/secure.gravatar.com\\\/avatar\\\/aa6395adbd28f6305d4963b3cf4f0efb13e667f8737df57a460e4108e926a10d?s=96&d=mm&r=g\",\"url\":\"https:\\\/\\\/secure.gravatar.com\\\/avatar\\\/aa6395adbd28f6305d4963b3cf4f0efb13e667f8737df57a460e4108e926a10d?s=96&d=mm&r=g\",\"contentUrl\":\"https:\\\/\\\/secure.gravatar.com\\\/avatar\\\/aa6395adbd28f6305d4963b3cf4f0efb13e667f8737df57a460e4108e926a10d?s=96&d=mm&r=g\",\"caption\":\"web\"}}]}<\/script>\n<!-- \/ Yoast SEO Premium plugin. -->","yoast_head_json":{"title":"BMI se une a carrera familiar por la ni\u00f1ez - BMI Seguros Guatemala","description":"BMI en su fuerte compromiso por respaldar a la ni\u00f1ez y familias guatemaltecas, se uni\u00f3 a la carrera familiar organizada por McDonald\u00b4s","robots":{"index":"index","follow":"follow","max-snippet":"max-snippet:-1","max-image-preview":"max-image-preview:large","max-video-preview":"max-video-preview:-1"},"canonical":"https:\/\/www.bmicos.com\/guatemala\/noticias\/bmi-se-une-a-carrera-familiar-por-la-ninez\/","og_locale":"es_ES","og_type":"article","og_title":"BMI se une a carrera familiar por la ni\u00f1ez","og_description":"BMI en su fuerte compromiso por respaldar a la ni\u00f1ez y familias guatemaltecas, se uni\u00f3 a la carrera familiar organizada por McDonald\u00b4s","og_url":"https:\/\/www.bmicos.com\/guatemala\/noticias\/bmi-se-une-a-carrera-familiar-por-la-ninez\/","og_site_name":"BMI Seguros Guatemala","article_publisher":"https:\/\/www.facebook.com\/BMIGuatemala\/","article_published_time":"2023-03-06T11:05:00+00:00","og_image":[{"width":1200,"height":540,"url":"https:\/\/www.bmicos.com\/guatemala\/wp-content\/uploads\/sites\/6\/2023\/03\/donacion.jpg","type":"image\/jpeg"}],"author":"web","twitter_card":"summary_large_image","twitter_creator":"@bmiguatemala","twitter_site":"@bmiguatemala","twitter_misc":{"Escrito por":"web","Tiempo de lectura":"2 minutos"},"schema":{"@context":"https:\/\/schema.org","@graph":[{"@type":"Article","@id":"https:\/\/www.bmicos.com\/guatemala\/en\/noticias\/bmi-se-une-a-carrera-familiar-por-la-ninez\/#article","isPartOf":{"@id":"https:\/\/www.bmicos.com\/guatemala\/en\/noticias\/bmi-se-une-a-carrera-familiar-por-la-ninez\/"},"author":{"name":"web","@id":"https:\/\/www.bmicos.com\/guatemala\/#\/schema\/person\/cb0375acd56e63ca2d186eb6e90a03bf"},"headline":"BMI se une a carrera familiar por la ni\u00f1ez","datePublished":"2023-03-06T11:05:00+00:00","mainEntityOfPage":{"@id":"https:\/\/www.bmicos.com\/guatemala\/en\/noticias\/bmi-se-une-a-carrera-familiar-por-la-ninez\/"},"wordCount":392,"commentCount":0,"publisher":{"@id":"https:\/\/www.bmicos.com\/guatemala\/#organization"},"image":{"@id":"https:\/\/www.bmicos.com\/guatemala\/en\/noticias\/bmi-se-une-a-carrera-familiar-por-la-ninez\/#primaryimage"},"thumbnailUrl":"https:\/\/www.bmicos.com\/guatemala\/wp-content\/uploads\/sites\/6\/2023\/03\/donacion.jpg","articleSection":["Noticias"],"inLanguage":"es","potentialAction":[{"@type":"CommentAction","name":"Comment","target":["https:\/\/www.bmicos.com\/guatemala\/en\/noticias\/bmi-se-une-a-carrera-familiar-por-la-ninez\/#respond"]}]},{"@type":"WebPage","@id":"https:\/\/www.bmicos.com\/guatemala\/en\/noticias\/bmi-se-une-a-carrera-familiar-por-la-ninez\/","url":"https:\/\/www.bmicos.com\/guatemala\/en\/noticias\/bmi-se-une-a-carrera-familiar-por-la-ninez\/","name":"BMI se une a carrera familiar por la ni\u00f1ez - BMI Seguros Guatemala","isPartOf":{"@id":"https:\/\/www.bmicos.com\/guatemala\/#website"},"primaryImageOfPage":{"@id":"https:\/\/www.bmicos.com\/guatemala\/en\/noticias\/bmi-se-une-a-carrera-familiar-por-la-ninez\/#primaryimage"},"image":{"@id":"https:\/\/www.bmicos.com\/guatemala\/en\/noticias\/bmi-se-une-a-carrera-familiar-por-la-ninez\/#primaryimage"},"thumbnailUrl":"https:\/\/www.bmicos.com\/guatemala\/wp-content\/uploads\/sites\/6\/2023\/03\/donacion.jpg","datePublished":"2023-03-06T11:05:00+00:00","description":"BMI en su fuerte compromiso por respaldar a la ni\u00f1ez y familias guatemaltecas, se uni\u00f3 a la carrera familiar organizada por McDonald\u00b4s","breadcrumb":{"@id":"https:\/\/www.bmicos.com\/guatemala\/en\/noticias\/bmi-se-une-a-carrera-familiar-por-la-ninez\/#breadcrumb"},"inLanguage":"es","potentialAction":[{"@type":"ReadAction","target":["https:\/\/www.bmicos.com\/guatemala\/en\/noticias\/bmi-se-une-a-carrera-familiar-por-la-ninez\/"]}]},{"@type":"ImageObject","inLanguage":"es","@id":"https:\/\/www.bmicos.com\/guatemala\/en\/noticias\/bmi-se-une-a-carrera-familiar-por-la-ninez\/#primaryimage","url":"https:\/\/www.bmicos.com\/guatemala\/wp-content\/uploads\/sites\/6\/2023\/03\/donacion.jpg","contentUrl":"https:\/\/www.bmicos.com\/guatemala\/wp-content\/uploads\/sites\/6\/2023\/03\/donacion.jpg","width":1200,"height":540},{"@type":"BreadcrumbList","@id":"https:\/\/www.bmicos.com\/guatemala\/en\/noticias\/bmi-se-une-a-carrera-familiar-por-la-ninez\/#breadcrumb","itemListElement":[{"@type":"ListItem","position":1,"name":"Inicio","item":"https:\/\/www.bmicos.com\/guatemala\/"},{"@type":"ListItem","position":2,"name":"BMI se une a carrera familiar por la ni\u00f1ez"}]},{"@type":"WebSite","@id":"https:\/\/www.bmicos.com\/guatemala\/#website","url":"https:\/\/www.bmicos.com\/guatemala\/","name":"BMI Seguros Guatemala","description":"Asegurando familias en todo el mundo","publisher":{"@id":"https:\/\/www.bmicos.com\/guatemala\/#organization"},"potentialAction":[{"@type":"SearchAction","target":{"@type":"EntryPoint","urlTemplate":"https:\/\/www.bmicos.com\/guatemala\/?s={search_term_string}"},"query-input":{"@type":"PropertyValueSpecification","valueRequired":true,"valueName":"search_term_string"}}],"inLanguage":"es"},{"@type":"Organization","@id":"https:\/\/www.bmicos.com\/guatemala\/#organization","name":"BMI Companies","url":"https:\/\/www.bmicos.com\/guatemala\/","logo":{"@type":"ImageObject","inLanguage":"es","@id":"https:\/\/www.bmicos.com\/guatemala\/#\/schema\/logo\/image\/","url":"https:\/\/www.bmicos.com\/guatemala\/wp-content\/uploads\/sites\/6\/2020\/12\/logo-1.png","contentUrl":"https:\/\/www.bmicos.com\/guatemala\/wp-content\/uploads\/sites\/6\/2020\/12\/logo-1.png","width":519,"height":273,"caption":"BMI Companies"},"image":{"@id":"https:\/\/www.bmicos.com\/guatemala\/#\/schema\/logo\/image\/"},"sameAs":["https:\/\/www.facebook.com\/BMIGuatemala\/","https:\/\/x.com\/bmiguatemala","https:\/\/www.instagram.com\/bmiguatemala\/","https:\/\/www.linkedin.com\/company\/bmiguatemala\/about\/","https:\/\/www.youtube.com\/user\/BMICompaniesGlobal\/videos"]},{"@type":"Person","@id":"https:\/\/www.bmicos.com\/guatemala\/#\/schema\/person\/cb0375acd56e63ca2d186eb6e90a03bf","name":"web","image":{"@type":"ImageObject","inLanguage":"es","@id":"https:\/\/secure.gravatar.com\/avatar\/aa6395adbd28f6305d4963b3cf4f0efb13e667f8737df57a460e4108e926a10d?s=96&d=mm&r=g","url":"https:\/\/secure.gravatar.com\/avatar\/aa6395adbd28f6305d4963b3cf4f0efb13e667f8737df57a460e4108e926a10d?s=96&d=mm&r=g","contentUrl":"https:\/\/secure.gravatar.com\/avatar\/aa6395adbd28f6305d4963b3cf4f0efb13e667f8737df57a460e4108e926a10d?s=96&d=mm&r=g","caption":"web"}}]}},"_links":{"self":[{"href":"https:\/\/www.bmicos.com\/guatemala\/wp-json\/wp\/v2\/posts\/5698","targetHints":{"allow":["GET"]}}],"collection":[{"href":"https:\/\/www.bmicos.com\/guatemala\/wp-json\/wp\/v2\/posts"}],"about":[{"href":"https:\/\/www.bmicos.com\/guatemala\/wp-json\/wp\/v2\/types\/post"}],"author":[{"embeddable":true,"href":"https:\/\/www.bmicos.com\/guatemala\/wp-json\/wp\/v2\/users\/1"}],"replies":[{"embeddable":true,"href":"https:\/\/www.bmicos.com\/guatemala\/wp-json\/wp\/v2\/comments?post=5698"}],"version-history":[{"count":0,"href":"https:\/\/www.bmicos.com\/guatemala\/wp-json\/wp\/v2\/posts\/5698\/revisions"}],"wp:featuredmedia":[{"embeddable":true,"href":"https:\/\/www.bmicos.com\/guatemala\/wp-json\/wp\/v2\/media\/5701"}],"wp:attachment":[{"href":"https:\/\/www.bmicos.com\/guatemala\/wp-json\/wp\/v2\/media?parent=5698"}],"wp:term":[{"taxonomy":"category","embeddable":true,"href":"https:\/\/www.bmicos.com\/guatemala\/wp-json\/wp\/v2\/categories?post=5698"},{"taxonomy":"post_tag","embeddable":true,"href":"https:\/\/www.bmicos.com\/guatemala\/wp-json\/wp\/v2\/tags?post=5698"}],"curies":[{"name":"wp","href":"https:\/\/api.w.org\/{rel}","templated":true}]}}